{"id":2544,"date":"2023-06-30T10:55:01","date_gmt":"2023-06-30T13:55:01","guid":{"rendered":"https:\/\/pasteur.ind.br\/?p=2544"},"modified":"2024-07-08T13:53:27","modified_gmt":"2024-07-08T16:53:27","slug":"prebioticos-probioticos-e-pos-bioticos-diferencas-e-beneficios-cosmeticos","status":"publish","type":"post","link":"https:\/\/pasteur.ind.br\/en\/2023\/06\/30\/prebioticos-probioticos-e-pos-bioticos-diferencas-e-beneficios-cosmeticos\/","title":{"rendered":"Prebi\u00f3ticos, probi\u00f3ticos e p\u00f3s-bi\u00f3ticos: Diferen\u00e7as e benef\u00edcios cosm\u00e9ticos"},"content":{"rendered":"\n<div class=\"is-layout-flow wp-block-group featured-banner\"><div class=\"wp-block-group__inner-container\"><figure class=\"wp-block-post-featured-image\"><img width=\"1440\" height=\"501\" src=\"https:\/\/pasteur.ind.br\/wp-content\/uploads\/2023\/06\/header_blog_desktopART15-2.png\" class=\"attachment-post-thumbnail size-post-thumbnail wp-post-image\" alt=\"\" decoding=\"async\" loading=\"lazy\" srcset=\"https:\/\/pasteur.ind.br\/wp-content\/uploads\/2023\/06\/header_blog_desktopART15-2.png 1440w, https:\/\/pasteur.ind.br\/wp-content\/uploads\/2023\/06\/header_blog_desktopART15-2-300x104.png 300w, https:\/\/pasteur.ind.br\/wp-content\/uploads\/2023\/06\/header_blog_desktopART15-2-768x267.png 768w\" sizes=\"(max-width: 1440px) 100vw, 1440px\" \/><\/figure>\n\n\n<div class=\"is-layout-flow wp-block-group\"><div class=\"wp-block-group__inner-container\">\n<p>Compartilhe: <div class=\"heateor_sss_sharing_container heateor_sss_horizontal_sharing\" data-heateor-ss-offset=\"0\" data-heateor-sss-href='https:\/\/pasteur.ind.br\/en\/2023\/06\/30\/prebioticos-probioticos-e-pos-bioticos-diferencas-e-beneficios-cosmeticos\/'><div class=\"heateor_sss_sharing_ul\"><a class=\"heateor_sss_facebook\" href=\"https:\/\/www.facebook.com\/sharer\/sharer.php?u=https%3A%2F%2Fpasteur.ind.br%2Fen%2F2023%2F06%2F30%2Fprebioticos-probioticos-e-pos-bioticos-diferencas-e-beneficios-cosmeticos%2F\" title=\"Facebook\" rel=\"nofollow noopener\" target=\"_blank\" style=\"font-size:32px!important;box-shadow:none;display:inline-block;vertical-align:middle\"><span class=\"heateor_sss_svg\" style=\"background-color:#3c589a;width:31px;height:31px;border-radius:999px;display:inline-block;opacity:1;float:left;font-size:32px;box-shadow:none;display:inline-block;font-size:16px;padding:0 4px;vertical-align:middle;background-repeat:repeat;overflow:hidden;padding:0;cursor:pointer;box-sizing:content-box\"><svg style=\"display:block;border-radius:999px;\" focusable=\"false\" aria-hidden=\"true\" xmlns=\"http:\/\/www.w3.org\/2000\/svg\" width=\"100%\" height=\"100%\" viewBox=\"-5 -5 42 42\"><path d=\"M17.78 27.5V17.008h3.522l.527-4.09h-4.05v-2.61c0-1.182.33-1.99 2.023-1.99h2.166V4.66c-.375-.05-1.66-.16-3.155-.16-3.123 0-5.26 1.905-5.26 5.405v3.016h-3.53v4.09h3.53V27.5h4.223z\" fill=\"#fff\"><\/path><\/svg><\/span><\/a><a class=\"heateor_sss_whatsapp\" href=\"https:\/\/api.whatsapp.com\/send?text=Prebi%C3%B3ticos%2C%20probi%C3%B3ticos%20e%20p%C3%B3s-bi%C3%B3ticos%3A%20Diferen%C3%A7as%20e%20benef%C3%ADcios%20cosm%C3%A9ticos https%3A%2F%2Fpasteur.ind.br%2Fen%2F2023%2F06%2F30%2Fprebioticos-probioticos-e-pos-bioticos-diferencas-e-beneficios-cosmeticos%2F\" title=\"Whatsapp\" rel=\"nofollow noopener\" target=\"_blank\" style=\"font-size:32px!important;box-shadow:none;display:inline-block;vertical-align:middle\"><span class=\"heateor_sss_svg\" style=\"background-color:#55eb4c;width:31px;height:31px;border-radius:999px;display:inline-block;opacity:1;float:left;font-size:32px;box-shadow:none;display:inline-block;font-size:16px;padding:0 4px;vertical-align:middle;background-repeat:repeat;overflow:hidden;padding:0;cursor:pointer;box-sizing:content-box\"><svg style=\"display:block;border-radius:999px;\" focusable=\"false\" aria-hidden=\"true\" xmlns=\"http:\/\/www.w3.org\/2000\/svg\" width=\"100%\" height=\"100%\" viewBox=\"-6 -5 40 40\"><path class=\"heateor_sss_svg_stroke heateor_sss_no_fill\" stroke=\"#fff\" stroke-width=\"2\" fill=\"none\" d=\"M 11.579798566743314 24.396926207859085 A 10 10 0 1 0 6.808479557110079 20.73576436351046\"><\/path><path d=\"M 7 19 l -1 6 l 6 -1\" class=\"heateor_sss_no_fill heateor_sss_svg_stroke\" stroke=\"#fff\" stroke-width=\"2\" fill=\"none\"><\/path><path d=\"M 10 10 q -1 8 8 11 c 5 -1 0 -6 -1 -3 q -4 -3 -5 -5 c 4 -2 -1 -5 -1 -4\" fill=\"#fff\"><\/path><\/svg><\/span><\/a><a class=\"heateor_sss_button_twitter\" href=\"http:\/\/twitter.com\/intent\/tweet?text=Prebi%C3%B3ticos%2C%20probi%C3%B3ticos%20e%20p%C3%B3s-bi%C3%B3ticos%3A%20Diferen%C3%A7as%20e%20benef%C3%ADcios%20cosm%C3%A9ticos&url=https%3A%2F%2Fpasteur.ind.br%2Fen%2F2023%2F06%2F30%2Fprebioticos-probioticos-e-pos-bioticos-diferencas-e-beneficios-cosmeticos%2F\" title=\"Twitter\" rel=\"nofollow noopener\" target=\"_blank\" style=\"font-size:32px!important;box-shadow:none;display:inline-block;vertical-align:middle\"><span class=\"heateor_sss_svg heateor_sss_s__default heateor_sss_s_twitter\" style=\"background-color:#55acee;width:31px;height:31px;border-radius:999px;display:inline-block;opacity:1;float:left;font-size:32px;box-shadow:none;display:inline-block;font-size:16px;padding:0 4px;vertical-align:middle;background-repeat:repeat;overflow:hidden;padding:0;cursor:pointer;box-sizing:content-box\"><svg style=\"display:block;border-radius:999px;\" focusable=\"false\" aria-hidden=\"true\" xmlns=\"http:\/\/www.w3.org\/2000\/svg\" width=\"100%\" height=\"100%\" viewBox=\"-4 -4 39 39\"><path d=\"M28 8.557a9.913 9.913 0 0 1-2.828.775 4.93 4.93 0 0 0 2.166-2.725 9.738 9.738 0 0 1-3.13 1.194 4.92 4.92 0 0 0-3.593-1.55 4.924 4.924 0 0 0-4.794 6.049c-4.09-.21-7.72-2.17-10.15-5.15a4.942 4.942 0 0 0-.665 2.477c0 1.71.87 3.214 2.19 4.1a4.968 4.968 0 0 1-2.23-.616v.06c0 2.39 1.7 4.38 3.952 4.83-.414.115-.85.174-1.297.174-.318 0-.626-.03-.928-.086a4.935 4.935 0 0 0 4.6 3.42 9.893 9.893 0 0 1-6.114 2.107c-.398 0-.79-.023-1.175-.068a13.953 13.953 0 0 0 7.55 2.213c9.056 0 14.01-7.507 14.01-14.013 0-.213-.005-.426-.015-.637.96-.695 1.795-1.56 2.455-2.55z\" fill=\"#fff\"><\/path><\/svg><\/span><\/a><\/div><div class=\"heateorSssClear\"><\/div><\/div><\/p>\n<\/div><\/div>\n<\/div><\/div>\n\n\n\n<h2>Prebi\u00f3ticos, probi\u00f3ticos e p\u00f3s-bi\u00f3ticos: Diferen\u00e7as e benef\u00edcios cosm\u00e9ticos<\/h2>\n\n\n\n<p>Entre v\u00e1rios outros fatores, uma pele saud\u00e1vel depende tamb\u00e9m de sua microbiota (ou microbioma), que consiste em diversos microrganismos que atuam em simbiose com nosso corpo na manuten\u00e7\u00e3o da sa\u00fade cut\u00e2nea. Quando h\u00e1 altera\u00e7\u00f5es nessa flora, a pele fica mais suscet\u00edvel ao surgimento de les\u00f5es e doen\u00e7as, al\u00e9m de sofrer preju\u00edzos com rela\u00e7\u00e3o \u00e0 cicatriza\u00e7\u00e3o, por exemplo.<\/p>\n\n\n\n<p>Os probi\u00f3ticos s\u00e3o microrganismos vivos que estimulam a prolifera\u00e7\u00e3o das bact\u00e9rias boas da microbiota cut\u00e2nea, mantendo-a em equil\u00edbrio. De acordo com estudos cient\u00edficos, os probi\u00f3ticos ajudam a aumentar as barreiras de defesa natural e as respostas imunol\u00f3gicas da pele; previnem doen\u00e7as dermatol\u00f3gicas como eczema acne e outras a partir da elimina\u00e7\u00e3o de pat\u00f3genos; melhoram a atividade e crescimento do microbioma; auxiliam na redu\u00e7\u00e3o de danos causados por&nbsp;<a href=\"https:\/\/pasteur.ind.br\/2022\/11\/09\/as-diferencas-entre-os-raios-uva-e-uvb-e-a-importancia-da-protecao-solar\/\">radia\u00e7\u00f5es UV<\/a>; e podem elevar a produ\u00e7\u00e3o de lip\u00eddeos ou ceramidas que ret\u00eam a umidade da pele.<\/p>\n\n\n\n<p>Os prebi\u00f3ticos, por sua vez, s\u00e3o componentes alimentares n\u00e3o metabolizados pelo organismo que servem para nutrir a flora cut\u00e2nea e, consequentemente, aumentar seu crescimento. Dessa forma, produtos que cont\u00eam prebi\u00f3ticos em suas formula\u00e7\u00f5es ajudam a manter a pele hidratada, saud\u00e1vel e \u00edntegra por fortalecer sua microbiota.<\/p>\n\n\n\n<p>Por fim, os p\u00f3s-bi\u00f3ticos s\u00e3o subprodutos metab\u00f3licos gerados pelos microrganismos probi\u00f3ticos durante seu metabolismo, como enzimas, \u00e1cidos org\u00e2nicos, polissacar\u00eddeos e pept\u00eddeos. Estes produtos residuais t\u00eam como uma de suas principais fun\u00e7\u00f5es alcan\u00e7ar e manter o equil\u00edbrio do microbioma, o que ajuda a aliviar processos inflamat\u00f3rios, al\u00e9m de atuar no fortalecimento da barreira cut\u00e2nea.<\/p>\n\n\n\n<p><a href=\"https:\/\/pasteur.ind.br\/contato\/\">Entre em contato conosco<\/a>&nbsp;para se informar a respeito dos produtos da Pasteur Cosmiatria que utilizam prebi\u00f3ticos, probi\u00f3ticos e p\u00f3s-bi\u00f3ticos em suas formula\u00e7\u00f5es.<\/p>\n","protected":false},"excerpt":{"rendered":"<p>Compartilhe: Prebi\u00f3ticos, probi\u00f3ticos e p\u00f3s-bi\u00f3ticos: Diferen\u00e7as e benef\u00edcios cosm\u00e9ticos Entre v\u00e1rios outros fatores, uma pele saud\u00e1vel depende tamb\u00e9m de sua microbiota (ou microbioma), que consiste em diversos microrganismos que atuam em simbiose com nosso corpo na manuten\u00e7\u00e3o da sa\u00fade cut\u00e2nea. Quando h\u00e1 altera\u00e7\u00f5es nessa flora, a pele fica mais suscet\u00edvel ao surgimento de les\u00f5es e [&hellip;]<\/p>\n","protected":false},"author":1,"featured_media":2545,"comment_status":"open","ping_status":"open","sticky":false,"template":"","format":"standard","meta":[],"categories":[1],"tags":[],"yoast_head":"<!-- This site is optimized with the Yoast SEO plugin v19.10 - https:\/\/yoast.com\/wordpress\/plugins\/seo\/ -->\n<title>Prebi\u00f3ticos, probi\u00f3ticos e p\u00f3s-bi\u00f3ticos: Diferen\u00e7as e benef\u00edcios cosm\u00e9ticos - Pasteur\u00a0<\/title>\n<meta name=\"robots\" content=\"index, follow, max-snippet:-1, max-image-preview:large, max-video-preview:-1\" \/>\n<link rel=\"canonical\" href=\"https:\/\/pasteur.ind.br\/es\/2023\/06\/30\/prebioticos-probioticos-e-pos-bioticos-diferencas-e-beneficios-cosmeticos\/\" \/>\n<meta property=\"og:locale\" content=\"en_US\" \/>\n<meta property=\"og:type\" content=\"article\" \/>\n<meta property=\"og:title\" content=\"Prebi\u00f3ticos, probi\u00f3ticos e p\u00f3s-bi\u00f3ticos: Diferen\u00e7as e benef\u00edcios cosm\u00e9ticos\" \/>\n<meta property=\"og:description\" content=\"Compartilhe: Prebi\u00f3ticos, probi\u00f3ticos e p\u00f3s-bi\u00f3ticos: Diferen\u00e7as e benef\u00edcios cosm\u00e9ticos Entre v\u00e1rios outros fatores, uma pele saud\u00e1vel depende tamb\u00e9m de sua microbiota (ou microbioma), que consiste em diversos microrganismos que atuam em simbiose com nosso corpo na manuten\u00e7\u00e3o da sa\u00fade cut\u00e2nea. Quando h\u00e1 altera\u00e7\u00f5es nessa flora, a pele fica mais suscet\u00edvel ao surgimento de les\u00f5es e [&hellip;]\" \/>\n<meta property=\"og:url\" content=\"https:\/\/pasteur.ind.br\/es\/2023\/06\/30\/prebioticos-probioticos-e-pos-bioticos-diferencas-e-beneficios-cosmeticos\/\" \/>\n<meta property=\"og:site_name\" content=\"Pasteur\u00a0\" \/>\n<meta property=\"article:published_time\" content=\"2023-06-30T13:55:01+00:00\" \/>\n<meta property=\"article:modified_time\" content=\"2024-07-08T16:53:27+00:00\" \/>\n<meta property=\"og:image\" content=\"http:\/\/pasteur.ind.br\/wp-content\/uploads\/2023\/06\/header_blog_desktopART15-2.png\" \/>\n\t<meta property=\"og:image:width\" content=\"1440\" \/>\n\t<meta property=\"og:image:height\" content=\"501\" \/>\n\t<meta property=\"og:image:type\" content=\"image\/png\" \/>\n<meta name=\"author\" content=\"root\" \/>\n<meta name=\"twitter:card\" content=\"summary_large_image\" \/>\n<meta name=\"twitter:label1\" content=\"Written by\" \/>\n\t<meta name=\"twitter:data1\" content=\"root\" \/>\n\t<meta name=\"twitter:label2\" content=\"Est. reading time\" \/>\n\t<meta name=\"twitter:data2\" content=\"2 minutes\" \/>\n<script type=\"application\/ld+json\" class=\"yoast-schema-graph\">{\"@context\":\"https:\/\/schema.org\",\"@graph\":[{\"@type\":\"WebPage\",\"@id\":\"https:\/\/pasteur.ind.br\/es\/2023\/06\/30\/prebioticos-probioticos-e-pos-bioticos-diferencas-e-beneficios-cosmeticos\/\",\"url\":\"https:\/\/pasteur.ind.br\/es\/2023\/06\/30\/prebioticos-probioticos-e-pos-bioticos-diferencas-e-beneficios-cosmeticos\/\",\"name\":\"[:pt]Prebi\u00f3ticos, probi\u00f3ticos e p\u00f3s-bi\u00f3ticos: Diferen\u00e7as e benef\u00edcios cosm\u00e9ticos[:es]Prebi\u00f3ticos, probi\u00f3ticos y posbi\u00f3ticos: diferencias y beneficios cosm\u00e9ticos[:] - Pasteur\u00a0\",\"isPartOf\":{\"@id\":\"https:\/\/pasteur.ind.br\/#website\"},\"datePublished\":\"2023-06-30T13:55:01+00:00\",\"dateModified\":\"2024-07-08T16:53:27+00:00\",\"author\":{\"@id\":\"https:\/\/pasteur.ind.br\/#\/schema\/person\/1d1c1cde44e7334b83af91d28a7aea08\"},\"inLanguage\":\"en-US\",\"potentialAction\":[{\"@type\":\"ReadAction\",\"target\":[\"https:\/\/pasteur.ind.br\/es\/2023\/06\/30\/prebioticos-probioticos-e-pos-bioticos-diferencas-e-beneficios-cosmeticos\/\"]}]},{\"@type\":\"WebSite\",\"@id\":\"https:\/\/pasteur.ind.br\/#website\",\"url\":\"https:\/\/pasteur.ind.br\/\",\"name\":\"Pasteur\u00a0\",\"description\":\"S\u00f3 mais um site WordPress\",\"potentialAction\":[{\"@type\":\"SearchAction\",\"target\":{\"@type\":\"EntryPoint\",\"urlTemplate\":\"https:\/\/pasteur.ind.br\/?s={search_term_string}\"},\"query-input\":\"required name=search_term_string\"}],\"inLanguage\":\"en-US\"},{\"@type\":\"Person\",\"@id\":\"https:\/\/pasteur.ind.br\/#\/schema\/person\/1d1c1cde44e7334b83af91d28a7aea08\",\"name\":\"root\",\"image\":{\"@type\":\"ImageObject\",\"inLanguage\":\"en-US\",\"@id\":\"https:\/\/pasteur.ind.br\/#\/schema\/person\/image\/\",\"url\":\"https:\/\/secure.gravatar.com\/avatar\/17ef2e82f739a861c991283e3bb46d8d?s=96&d=mm&r=g\",\"contentUrl\":\"https:\/\/secure.gravatar.com\/avatar\/17ef2e82f739a861c991283e3bb46d8d?s=96&d=mm&r=g\",\"caption\":\"root\"},\"sameAs\":[\"http:\/\/pasteur.ind.br\"],\"url\":\"https:\/\/pasteur.ind.br\/en\/author\/root\/\"}]}<\/script>\n<!-- \/ Yoast SEO plugin. -->","yoast_head_json":{"title":"Prebi\u00f3ticos, probi\u00f3ticos e p\u00f3s-bi\u00f3ticos: Diferen\u00e7as e benef\u00edcios cosm\u00e9ticos - Pasteur\u00a0","robots":{"index":"index","follow":"follow","max-snippet":"max-snippet:-1","max-image-preview":"max-image-preview:large","max-video-preview":"max-video-preview:-1"},"canonical":"https:\/\/pasteur.ind.br\/es\/2023\/06\/30\/prebioticos-probioticos-e-pos-bioticos-diferencas-e-beneficios-cosmeticos\/","og_locale":"en_US","og_type":"article","og_title":"[:pt]Prebi\u00f3ticos, probi\u00f3ticos e p\u00f3s-bi\u00f3ticos: Diferen\u00e7as e benef\u00edcios cosm\u00e9ticos[:es]Prebi\u00f3ticos, probi\u00f3ticos y posbi\u00f3ticos: diferencias y beneficios cosm\u00e9ticos[:] - Pasteur\u00a0","og_description":"Compartilhe: Prebi\u00f3ticos, probi\u00f3ticos e p\u00f3s-bi\u00f3ticos: Diferen\u00e7as e benef\u00edcios cosm\u00e9ticos Entre v\u00e1rios outros fatores, uma pele saud\u00e1vel depende tamb\u00e9m de sua microbiota (ou microbioma), que consiste em diversos microrganismos que atuam em simbiose com nosso corpo na manuten\u00e7\u00e3o da sa\u00fade cut\u00e2nea. Quando h\u00e1 altera\u00e7\u00f5es nessa flora, a pele fica mais suscet\u00edvel ao surgimento de les\u00f5es e [&hellip;]","og_url":"https:\/\/pasteur.ind.br\/es\/2023\/06\/30\/prebioticos-probioticos-e-pos-bioticos-diferencas-e-beneficios-cosmeticos\/","og_site_name":"Pasteur\u00a0","article_published_time":"2023-06-30T13:55:01+00:00","article_modified_time":"2024-07-08T16:53:27+00:00","og_image":[{"width":1440,"height":501,"url":"http:\/\/pasteur.ind.br\/wp-content\/uploads\/2023\/06\/header_blog_desktopART15-2.png","type":"image\/png"}],"author":"root","twitter_card":"summary_large_image","twitter_misc":{"Written by":"root","Est. reading time":"2 minutes"},"schema":{"@context":"https:\/\/schema.org","@graph":[{"@type":"WebPage","@id":"https:\/\/pasteur.ind.br\/es\/2023\/06\/30\/prebioticos-probioticos-e-pos-bioticos-diferencas-e-beneficios-cosmeticos\/","url":"https:\/\/pasteur.ind.br\/es\/2023\/06\/30\/prebioticos-probioticos-e-pos-bioticos-diferencas-e-beneficios-cosmeticos\/","name":"[:pt]Prebi\u00f3ticos, probi\u00f3ticos e p\u00f3s-bi\u00f3ticos: Diferen\u00e7as e benef\u00edcios cosm\u00e9ticos[:es]Prebi\u00f3ticos, probi\u00f3ticos y posbi\u00f3ticos: diferencias y beneficios cosm\u00e9ticos[:] - Pasteur\u00a0","isPartOf":{"@id":"https:\/\/pasteur.ind.br\/#website"},"datePublished":"2023-06-30T13:55:01+00:00","dateModified":"2024-07-08T16:53:27+00:00","author":{"@id":"https:\/\/pasteur.ind.br\/#\/schema\/person\/1d1c1cde44e7334b83af91d28a7aea08"},"inLanguage":"en-US","potentialAction":[{"@type":"ReadAction","target":["https:\/\/pasteur.ind.br\/es\/2023\/06\/30\/prebioticos-probioticos-e-pos-bioticos-diferencas-e-beneficios-cosmeticos\/"]}]},{"@type":"WebSite","@id":"https:\/\/pasteur.ind.br\/#website","url":"https:\/\/pasteur.ind.br\/","name":"Pasteur\u00a0","description":"S\u00f3 mais um site WordPress","potentialAction":[{"@type":"SearchAction","target":{"@type":"EntryPoint","urlTemplate":"https:\/\/pasteur.ind.br\/?s={search_term_string}"},"query-input":"required name=search_term_string"}],"inLanguage":"en-US"},{"@type":"Person","@id":"https:\/\/pasteur.ind.br\/#\/schema\/person\/1d1c1cde44e7334b83af91d28a7aea08","name":"root","image":{"@type":"ImageObject","inLanguage":"en-US","@id":"https:\/\/pasteur.ind.br\/#\/schema\/person\/image\/","url":"https:\/\/secure.gravatar.com\/avatar\/17ef2e82f739a861c991283e3bb46d8d?s=96&d=mm&r=g","contentUrl":"https:\/\/secure.gravatar.com\/avatar\/17ef2e82f739a861c991283e3bb46d8d?s=96&d=mm&r=g","caption":"root"},"sameAs":["http:\/\/pasteur.ind.br"],"url":"https:\/\/pasteur.ind.br\/en\/author\/root\/"}]}},"_links":{"self":[{"href":"https:\/\/pasteur.ind.br\/en\/wp-json\/wp\/v2\/posts\/2544"}],"collection":[{"href":"https:\/\/pasteur.ind.br\/en\/wp-json\/wp\/v2\/posts"}],"about":[{"href":"https:\/\/pasteur.ind.br\/en\/wp-json\/wp\/v2\/types\/post"}],"author":[{"embeddable":true,"href":"https:\/\/pasteur.ind.br\/en\/wp-json\/wp\/v2\/users\/1"}],"replies":[{"embeddable":true,"href":"https:\/\/pasteur.ind.br\/en\/wp-json\/wp\/v2\/comments?post=2544"}],"version-history":[{"count":6,"href":"https:\/\/pasteur.ind.br\/en\/wp-json\/wp\/v2\/posts\/2544\/revisions"}],"predecessor-version":[{"id":2824,"href":"https:\/\/pasteur.ind.br\/en\/wp-json\/wp\/v2\/posts\/2544\/revisions\/2824"}],"wp:featuredmedia":[{"embeddable":true,"href":"https:\/\/pasteur.ind.br\/en\/wp-json\/wp\/v2\/media\/2545"}],"wp:attachment":[{"href":"https:\/\/pasteur.ind.br\/en\/wp-json\/wp\/v2\/media?parent=2544"}],"wp:term":[{"taxonomy":"category","embeddable":true,"href":"https:\/\/pasteur.ind.br\/en\/wp-json\/wp\/v2\/categories?post=2544"},{"taxonomy":"post_tag","embeddable":true,"href":"https:\/\/pasteur.ind.br\/en\/wp-json\/wp\/v2\/tags?post=2544"}],"curies":[{"name":"wp","href":"https:\/\/api.w.org\/{rel}","templated":true}]}}