{"id":2789,"date":"2024-06-13T08:41:36","date_gmt":"2024-06-13T11:41:36","guid":{"rendered":"https:\/\/pasteur.ind.br\/?p=2789"},"modified":"2024-06-13T08:46:58","modified_gmt":"2024-06-13T11:46:58","slug":"acido-tranexamico-um-superativo-de-renome-no-clareamento-de-manchas","status":"publish","type":"post","link":"https:\/\/pasteur.ind.br\/en\/2024\/06\/13\/acido-tranexamico-um-superativo-de-renome-no-clareamento-de-manchas\/","title":{"rendered":"<strong>\u00c1cido tranex\u00e2mico: um superativo de renome no clareamento de manchas<\/strong>"},"content":{"rendered":"\n<div class=\"is-layout-flow wp-block-group featured-banner\"><div class=\"wp-block-group__inner-container\"><figure class=\"wp-block-post-featured-image\"><img width=\"1440\" height=\"501\" src=\"https:\/\/pasteur.ind.br\/wp-content\/uploads\/2024\/06\/acido_tranexamico.png\" class=\"attachment-post-thumbnail size-post-thumbnail wp-post-image\" alt=\"\" decoding=\"async\" loading=\"lazy\" srcset=\"https:\/\/pasteur.ind.br\/wp-content\/uploads\/2024\/06\/acido_tranexamico.png 1440w, https:\/\/pasteur.ind.br\/wp-content\/uploads\/2024\/06\/acido_tranexamico-300x104.png 300w, https:\/\/pasteur.ind.br\/wp-content\/uploads\/2024\/06\/acido_tranexamico-768x267.png 768w\" sizes=\"(max-width: 1440px) 100vw, 1440px\" \/><\/figure>\n\n\n<div class=\"is-layout-flow wp-block-group\"><div class=\"wp-block-group__inner-container\">\n<p>Compartilhe: <div class=\"heateor_sss_sharing_container heateor_sss_horizontal_sharing\" data-heateor-ss-offset=\"0\" data-heateor-sss-href='https:\/\/pasteur.ind.br\/en\/2024\/06\/13\/acido-tranexamico-um-superativo-de-renome-no-clareamento-de-manchas\/'><div class=\"heateor_sss_sharing_ul\"><a class=\"heateor_sss_facebook\" href=\"https:\/\/www.facebook.com\/sharer\/sharer.php?u=https%3A%2F%2Fpasteur.ind.br%2Fen%2F2024%2F06%2F13%2Facido-tranexamico-um-superativo-de-renome-no-clareamento-de-manchas%2F\" title=\"Facebook\" rel=\"nofollow noopener\" target=\"_blank\" style=\"font-size:32px!important;box-shadow:none;display:inline-block;vertical-align:middle\"><span class=\"heateor_sss_svg\" style=\"background-color:#3c589a;width:31px;height:31px;border-radius:999px;display:inline-block;opacity:1;float:left;font-size:32px;box-shadow:none;display:inline-block;font-size:16px;padding:0 4px;vertical-align:middle;background-repeat:repeat;overflow:hidden;padding:0;cursor:pointer;box-sizing:content-box\"><svg style=\"display:block;border-radius:999px;\" focusable=\"false\" aria-hidden=\"true\" xmlns=\"http:\/\/www.w3.org\/2000\/svg\" width=\"100%\" height=\"100%\" viewBox=\"-5 -5 42 42\"><path d=\"M17.78 27.5V17.008h3.522l.527-4.09h-4.05v-2.61c0-1.182.33-1.99 2.023-1.99h2.166V4.66c-.375-.05-1.66-.16-3.155-.16-3.123 0-5.26 1.905-5.26 5.405v3.016h-3.53v4.09h3.53V27.5h4.223z\" fill=\"#fff\"><\/path><\/svg><\/span><\/a><a class=\"heateor_sss_whatsapp\" href=\"https:\/\/api.whatsapp.com\/send?text=%3Cstrong%3E%C3%81cido%20tranex%C3%A2mico%3A%20um%20superativo%20de%20renome%20no%20clareamento%20de%20manchas%3C%2Fstrong%3E https%3A%2F%2Fpasteur.ind.br%2Fen%2F2024%2F06%2F13%2Facido-tranexamico-um-superativo-de-renome-no-clareamento-de-manchas%2F\" title=\"Whatsapp\" rel=\"nofollow noopener\" target=\"_blank\" style=\"font-size:32px!important;box-shadow:none;display:inline-block;vertical-align:middle\"><span class=\"heateor_sss_svg\" style=\"background-color:#55eb4c;width:31px;height:31px;border-radius:999px;display:inline-block;opacity:1;float:left;font-size:32px;box-shadow:none;display:inline-block;font-size:16px;padding:0 4px;vertical-align:middle;background-repeat:repeat;overflow:hidden;padding:0;cursor:pointer;box-sizing:content-box\"><svg style=\"display:block;border-radius:999px;\" focusable=\"false\" aria-hidden=\"true\" xmlns=\"http:\/\/www.w3.org\/2000\/svg\" width=\"100%\" height=\"100%\" viewBox=\"-6 -5 40 40\"><path class=\"heateor_sss_svg_stroke heateor_sss_no_fill\" stroke=\"#fff\" stroke-width=\"2\" fill=\"none\" d=\"M 11.579798566743314 24.396926207859085 A 10 10 0 1 0 6.808479557110079 20.73576436351046\"><\/path><path d=\"M 7 19 l -1 6 l 6 -1\" class=\"heateor_sss_no_fill heateor_sss_svg_stroke\" stroke=\"#fff\" stroke-width=\"2\" fill=\"none\"><\/path><path d=\"M 10 10 q -1 8 8 11 c 5 -1 0 -6 -1 -3 q -4 -3 -5 -5 c 4 -2 -1 -5 -1 -4\" fill=\"#fff\"><\/path><\/svg><\/span><\/a><a class=\"heateor_sss_button_twitter\" href=\"http:\/\/twitter.com\/intent\/tweet?text=%3Cstrong%3E%C3%81cido%20tranex%C3%A2mico%3A%20um%20superativo%20de%20renome%20no%20clareamento%20de%20manchas%3C%2Fstrong%3E&url=https%3A%2F%2Fpasteur.ind.br%2Fen%2F2024%2F06%2F13%2Facido-tranexamico-um-superativo-de-renome-no-clareamento-de-manchas%2F\" title=\"Twitter\" rel=\"nofollow noopener\" target=\"_blank\" style=\"font-size:32px!important;box-shadow:none;display:inline-block;vertical-align:middle\"><span class=\"heateor_sss_svg heateor_sss_s__default heateor_sss_s_twitter\" style=\"background-color:#55acee;width:31px;height:31px;border-radius:999px;display:inline-block;opacity:1;float:left;font-size:32px;box-shadow:none;display:inline-block;font-size:16px;padding:0 4px;vertical-align:middle;background-repeat:repeat;overflow:hidden;padding:0;cursor:pointer;box-sizing:content-box\"><svg style=\"display:block;border-radius:999px;\" focusable=\"false\" aria-hidden=\"true\" xmlns=\"http:\/\/www.w3.org\/2000\/svg\" width=\"100%\" height=\"100%\" viewBox=\"-4 -4 39 39\"><path d=\"M28 8.557a9.913 9.913 0 0 1-2.828.775 4.93 4.93 0 0 0 2.166-2.725 9.738 9.738 0 0 1-3.13 1.194 4.92 4.92 0 0 0-3.593-1.55 4.924 4.924 0 0 0-4.794 6.049c-4.09-.21-7.72-2.17-10.15-5.15a4.942 4.942 0 0 0-.665 2.477c0 1.71.87 3.214 2.19 4.1a4.968 4.968 0 0 1-2.23-.616v.06c0 2.39 1.7 4.38 3.952 4.83-.414.115-.85.174-1.297.174-.318 0-.626-.03-.928-.086a4.935 4.935 0 0 0 4.6 3.42 9.893 9.893 0 0 1-6.114 2.107c-.398 0-.79-.023-1.175-.068a13.953 13.953 0 0 0 7.55 2.213c9.056 0 14.01-7.507 14.01-14.013 0-.213-.005-.426-.015-.637.96-.695 1.795-1.56 2.455-2.55z\" fill=\"#fff\"><\/path><\/svg><\/span><\/a><\/div><div class=\"heateorSssClear\"><\/div><\/div><\/p>\n<\/div><\/div>\n<\/div><\/div>\n\n\n\n<h2><strong>\u00c1cido tranex\u00e2mico: um superativo de renome no clareamento de manchas<\/strong><\/h2>\n\n\n\n<p>O \u00e1cido tranex\u00e2mico \u00e9 uma das maiores refer\u00eancias em ativos dermatol\u00f3gicos quando o assunto \u00e9 suavizar manchas. Isso porque o componente \u2013 um an\u00e1logo sint\u00e9tico da lisina, que por sua vez \u00e9 um amino\u00e1cido que desempenha v\u00e1rias fun\u00e7\u00f5es no organismo humano \u2013 atua reduzindo a ativa\u00e7\u00e3o da plasmina, subst\u00e2ncia respons\u00e1vel por desencadear processos inflamat\u00f3rios e estimular a produ\u00e7\u00e3o de melanina, combatendo assim as manchas de hiperpigmenta\u00e7\u00e3o.<\/p>\n\n\n\n<p>Quando as c\u00e9lulas da epiderme s\u00e3o expostas \u00e0s <a href=\"https:\/\/pasteur.ind.br\/2022\/11\/09\/as-diferencas-entre-os-raios-uva-e-uvb-e-a-importancia-da-protecao-solar\/\">radia\u00e7\u00f5es UV<\/a>, sofrem alguma les\u00e3o ou s\u00e3o acometidas por inflama\u00e7\u00f5es causadas pela acne, por exemplo, alguns mecanismos de defesa da pele levam a um aumento na produ\u00e7\u00e3o do pigmento melanina, que se manifesta como uma mancha.<\/p>\n\n\n\n<p>As propriedades anti-inflamat\u00f3rias do \u00e1cido tranex\u00e2mico inibem a produ\u00e7\u00e3o de mediadores inflamat\u00f3rios (que geram altera\u00e7\u00f5es vasculares) e da tirosinase (enzima necess\u00e1ria para produzir a melanina), al\u00e9m de impedir o crescimento melanoc\u00edtico. Dessa forma, o ativo se mostra bastante eficiente no clareamento da pele de maneira segura e gradual e no combate ao surgimento de novas pintas, sendo um poderoso aliado no tratamento de melasma e no clareamento de manchas escuras n\u00e3o apenas no rosto, mas tamb\u00e9m nas regi\u00f5es das axilas e virilhas.<\/p>\n\n\n\n<p>Al\u00e9m disso, sua caracter\u00edstica anti-inflamat\u00f3ria tamb\u00e9m \u00e9 eficaz no al\u00edvio de irrita\u00e7\u00e3o e vermelhid\u00e3o da pele, fazendo desse superativo uma boa op\u00e7\u00e3o em tratamentos de condi\u00e7\u00f5es como dermatites e ros\u00e1cea, acalmando a <a href=\"https:\/\/pasteur.ind.br\/2023\/11\/09\/pele-sensivel-conheca-suas-caracteristicas-e-como-tratar-2\/\">pele sens\u00edvel<\/a> e reduzindo seus sintomas.<\/p>\n\n\n\n<p>Para saber mais sobre nossos superativos e solu\u00e7\u00f5es, entre em <a href=\"https:\/\/pasteur.ind.br\/contato\/\">contato<\/a> conosco!<\/p>\n","protected":false},"excerpt":{"rendered":"<p>Compartilhe: \u00c1cido tranex\u00e2mico: um superativo de renome no clareamento de manchas O \u00e1cido tranex\u00e2mico \u00e9 uma das maiores refer\u00eancias em ativos dermatol\u00f3gicos quando o assunto \u00e9 suavizar manchas. Isso porque o componente \u2013 um an\u00e1logo sint\u00e9tico da lisina, que por sua vez \u00e9 um amino\u00e1cido que desempenha v\u00e1rias fun\u00e7\u00f5es no organismo humano \u2013 atua reduzindo [&hellip;]<\/p>\n","protected":false},"author":3,"featured_media":2791,"comment_status":"open","ping_status":"open","sticky":false,"template":"","format":"standard","meta":[],"categories":[1],"tags":[],"yoast_head":"<!-- This site is optimized with the Yoast SEO plugin v19.10 - https:\/\/yoast.com\/wordpress\/plugins\/seo\/ -->\n<title>\u00c1cido tranex\u00e2mico: um superativo de renome no clareamento de manchas - Pasteur\u00a0<\/title>\n<meta name=\"robots\" content=\"index, follow, max-snippet:-1, max-image-preview:large, max-video-preview:-1\" \/>\n<link rel=\"canonical\" href=\"https:\/\/pasteur.ind.br\/2024\/06\/13\/acido-tranexamico-um-superativo-de-renome-no-clareamento-de-manchas\/\" \/>\n<meta property=\"og:locale\" content=\"en_US\" \/>\n<meta property=\"og:type\" content=\"article\" \/>\n<meta property=\"og:title\" content=\"\u00c1cido tranex\u00e2mico: um superativo de renome no clareamento de manchas\" \/>\n<meta property=\"og:description\" content=\"Compartilhe: \u00c1cido tranex\u00e2mico: um superativo de renome no clareamento de manchas O \u00e1cido tranex\u00e2mico \u00e9 uma das maiores refer\u00eancias em ativos dermatol\u00f3gicos quando o assunto \u00e9 suavizar manchas. Isso porque o componente \u2013 um an\u00e1logo sint\u00e9tico da lisina, que por sua vez \u00e9 um amino\u00e1cido que desempenha v\u00e1rias fun\u00e7\u00f5es no organismo humano \u2013 atua reduzindo [&hellip;]\" \/>\n<meta property=\"og:url\" content=\"https:\/\/pasteur.ind.br\/2024\/06\/13\/acido-tranexamico-um-superativo-de-renome-no-clareamento-de-manchas\/\" \/>\n<meta property=\"og:site_name\" content=\"Pasteur\u00a0\" \/>\n<meta property=\"article:published_time\" content=\"2024-06-13T11:41:36+00:00\" \/>\n<meta property=\"article:modified_time\" content=\"2024-06-13T11:46:58+00:00\" \/>\n<meta property=\"og:image\" content=\"http:\/\/pasteur.ind.br\/wp-content\/uploads\/2024\/06\/acido_tranexamico.png\" \/>\n\t<meta property=\"og:image:width\" content=\"1440\" \/>\n\t<meta property=\"og:image:height\" content=\"501\" \/>\n\t<meta property=\"og:image:type\" content=\"image\/png\" \/>\n<meta name=\"author\" content=\"Danielle Gaia\" \/>\n<meta name=\"twitter:card\" content=\"summary_large_image\" \/>\n<meta name=\"twitter:label1\" content=\"Written by\" \/>\n\t<meta name=\"twitter:data1\" content=\"Danielle Gaia\" \/>\n\t<meta name=\"twitter:label2\" content=\"Est. reading time\" \/>\n\t<meta name=\"twitter:data2\" content=\"2 minutes\" \/>\n<script type=\"application\/ld+json\" class=\"yoast-schema-graph\">{\"@context\":\"https:\/\/schema.org\",\"@graph\":[{\"@type\":\"WebPage\",\"@id\":\"https:\/\/pasteur.ind.br\/2024\/06\/13\/acido-tranexamico-um-superativo-de-renome-no-clareamento-de-manchas\/\",\"url\":\"https:\/\/pasteur.ind.br\/2024\/06\/13\/acido-tranexamico-um-superativo-de-renome-no-clareamento-de-manchas\/\",\"name\":\"[:pt]\u00c1cido tranex\u00e2mico: um superativo de renome no clareamento de manchas[:] - Pasteur\u00a0\",\"isPartOf\":{\"@id\":\"https:\/\/pasteur.ind.br\/#website\"},\"datePublished\":\"2024-06-13T11:41:36+00:00\",\"dateModified\":\"2024-06-13T11:46:58+00:00\",\"author\":{\"@id\":\"https:\/\/pasteur.ind.br\/#\/schema\/person\/df7c01e4f2aa5d467caede3923cc4031\"},\"inLanguage\":\"en-US\",\"potentialAction\":[{\"@type\":\"ReadAction\",\"target\":[\"https:\/\/pasteur.ind.br\/2024\/06\/13\/acido-tranexamico-um-superativo-de-renome-no-clareamento-de-manchas\/\"]}]},{\"@type\":\"WebSite\",\"@id\":\"https:\/\/pasteur.ind.br\/#website\",\"url\":\"https:\/\/pasteur.ind.br\/\",\"name\":\"Pasteur\u00a0\",\"description\":\"S\u00f3 mais um site WordPress\",\"potentialAction\":[{\"@type\":\"SearchAction\",\"target\":{\"@type\":\"EntryPoint\",\"urlTemplate\":\"https:\/\/pasteur.ind.br\/?s={search_term_string}\"},\"query-input\":\"required name=search_term_string\"}],\"inLanguage\":\"en-US\"},{\"@type\":\"Person\",\"@id\":\"https:\/\/pasteur.ind.br\/#\/schema\/person\/df7c01e4f2aa5d467caede3923cc4031\",\"name\":\"Danielle Gaia\",\"image\":{\"@type\":\"ImageObject\",\"inLanguage\":\"en-US\",\"@id\":\"https:\/\/pasteur.ind.br\/#\/schema\/person\/image\/\",\"url\":\"https:\/\/secure.gravatar.com\/avatar\/fe46d2b535dd650bc726e26adf319b2c?s=96&d=mm&r=g\",\"contentUrl\":\"https:\/\/secure.gravatar.com\/avatar\/fe46d2b535dd650bc726e26adf319b2c?s=96&d=mm&r=g\",\"caption\":\"Danielle Gaia\"},\"url\":\"https:\/\/pasteur.ind.br\/en\/author\/danielle14bits-com-br\/\"}]}<\/script>\n<!-- \/ Yoast SEO plugin. -->","yoast_head_json":{"title":"\u00c1cido tranex\u00e2mico: um superativo de renome no clareamento de manchas - Pasteur\u00a0","robots":{"index":"index","follow":"follow","max-snippet":"max-snippet:-1","max-image-preview":"max-image-preview:large","max-video-preview":"max-video-preview:-1"},"canonical":"https:\/\/pasteur.ind.br\/2024\/06\/13\/acido-tranexamico-um-superativo-de-renome-no-clareamento-de-manchas\/","og_locale":"en_US","og_type":"article","og_title":"[:pt]\u00c1cido tranex\u00e2mico: um superativo de renome no clareamento de manchas[:] - Pasteur\u00a0","og_description":"Compartilhe: \u00c1cido tranex\u00e2mico: um superativo de renome no clareamento de manchas O \u00e1cido tranex\u00e2mico \u00e9 uma das maiores refer\u00eancias em ativos dermatol\u00f3gicos quando o assunto \u00e9 suavizar manchas. Isso porque o componente \u2013 um an\u00e1logo sint\u00e9tico da lisina, que por sua vez \u00e9 um amino\u00e1cido que desempenha v\u00e1rias fun\u00e7\u00f5es no organismo humano \u2013 atua reduzindo [&hellip;]","og_url":"https:\/\/pasteur.ind.br\/2024\/06\/13\/acido-tranexamico-um-superativo-de-renome-no-clareamento-de-manchas\/","og_site_name":"Pasteur\u00a0","article_published_time":"2024-06-13T11:41:36+00:00","article_modified_time":"2024-06-13T11:46:58+00:00","og_image":[{"width":1440,"height":501,"url":"http:\/\/pasteur.ind.br\/wp-content\/uploads\/2024\/06\/acido_tranexamico.png","type":"image\/png"}],"author":"Danielle Gaia","twitter_card":"summary_large_image","twitter_misc":{"Written by":"Danielle Gaia","Est. reading time":"2 minutes"},"schema":{"@context":"https:\/\/schema.org","@graph":[{"@type":"WebPage","@id":"https:\/\/pasteur.ind.br\/2024\/06\/13\/acido-tranexamico-um-superativo-de-renome-no-clareamento-de-manchas\/","url":"https:\/\/pasteur.ind.br\/2024\/06\/13\/acido-tranexamico-um-superativo-de-renome-no-clareamento-de-manchas\/","name":"[:pt]\u00c1cido tranex\u00e2mico: um superativo de renome no clareamento de manchas[:] - Pasteur\u00a0","isPartOf":{"@id":"https:\/\/pasteur.ind.br\/#website"},"datePublished":"2024-06-13T11:41:36+00:00","dateModified":"2024-06-13T11:46:58+00:00","author":{"@id":"https:\/\/pasteur.ind.br\/#\/schema\/person\/df7c01e4f2aa5d467caede3923cc4031"},"inLanguage":"en-US","potentialAction":[{"@type":"ReadAction","target":["https:\/\/pasteur.ind.br\/2024\/06\/13\/acido-tranexamico-um-superativo-de-renome-no-clareamento-de-manchas\/"]}]},{"@type":"WebSite","@id":"https:\/\/pasteur.ind.br\/#website","url":"https:\/\/pasteur.ind.br\/","name":"Pasteur\u00a0","description":"S\u00f3 mais um site WordPress","potentialAction":[{"@type":"SearchAction","target":{"@type":"EntryPoint","urlTemplate":"https:\/\/pasteur.ind.br\/?s={search_term_string}"},"query-input":"required name=search_term_string"}],"inLanguage":"en-US"},{"@type":"Person","@id":"https:\/\/pasteur.ind.br\/#\/schema\/person\/df7c01e4f2aa5d467caede3923cc4031","name":"Danielle Gaia","image":{"@type":"ImageObject","inLanguage":"en-US","@id":"https:\/\/pasteur.ind.br\/#\/schema\/person\/image\/","url":"https:\/\/secure.gravatar.com\/avatar\/fe46d2b535dd650bc726e26adf319b2c?s=96&d=mm&r=g","contentUrl":"https:\/\/secure.gravatar.com\/avatar\/fe46d2b535dd650bc726e26adf319b2c?s=96&d=mm&r=g","caption":"Danielle Gaia"},"url":"https:\/\/pasteur.ind.br\/en\/author\/danielle14bits-com-br\/"}]}},"_links":{"self":[{"href":"https:\/\/pasteur.ind.br\/en\/wp-json\/wp\/v2\/posts\/2789"}],"collection":[{"href":"https:\/\/pasteur.ind.br\/en\/wp-json\/wp\/v2\/posts"}],"about":[{"href":"https:\/\/pasteur.ind.br\/en\/wp-json\/wp\/v2\/types\/post"}],"author":[{"embeddable":true,"href":"https:\/\/pasteur.ind.br\/en\/wp-json\/wp\/v2\/users\/3"}],"replies":[{"embeddable":true,"href":"https:\/\/pasteur.ind.br\/en\/wp-json\/wp\/v2\/comments?post=2789"}],"version-history":[{"count":4,"href":"https:\/\/pasteur.ind.br\/en\/wp-json\/wp\/v2\/posts\/2789\/revisions"}],"predecessor-version":[{"id":2795,"href":"https:\/\/pasteur.ind.br\/en\/wp-json\/wp\/v2\/posts\/2789\/revisions\/2795"}],"wp:featuredmedia":[{"embeddable":true,"href":"https:\/\/pasteur.ind.br\/en\/wp-json\/wp\/v2\/media\/2791"}],"wp:attachment":[{"href":"https:\/\/pasteur.ind.br\/en\/wp-json\/wp\/v2\/media?parent=2789"}],"wp:term":[{"taxonomy":"category","embeddable":true,"href":"https:\/\/pasteur.ind.br\/en\/wp-json\/wp\/v2\/categories?post=2789"},{"taxonomy":"post_tag","embeddable":true,"href":"https:\/\/pasteur.ind.br\/en\/wp-json\/wp\/v2\/tags?post=2789"}],"curies":[{"name":"wp","href":"https:\/\/api.w.org\/{rel}","templated":true}]}}