{"id":2849,"date":"2024-07-16T09:17:40","date_gmt":"2024-07-16T12:17:40","guid":{"rendered":"https:\/\/pasteur.ind.br\/?p=2849"},"modified":"2024-07-16T09:19:49","modified_gmt":"2024-07-16T12:19:49","slug":"conheca-as-vantagens-do-acido-mandelico-em-produtos-cosmeticos","status":"publish","type":"post","link":"https:\/\/pasteur.ind.br\/en\/2024\/07\/16\/conheca-as-vantagens-do-acido-mandelico-em-produtos-cosmeticos\/","title":{"rendered":"<strong>Conhe\u00e7a as vantagens do \u00e1cido mand\u00e9lico em produtos cosm\u00e9ticos<\/strong>"},"content":{"rendered":"\n<div class=\"is-layout-flow wp-block-group featured-banner\"><div class=\"wp-block-group__inner-container\"><figure class=\"wp-block-post-featured-image\"><img width=\"1440\" height=\"501\" src=\"https:\/\/pasteur.ind.br\/wp-content\/uploads\/2024\/07\/acido_-mandelico.png\" class=\"attachment-post-thumbnail size-post-thumbnail wp-post-image\" alt=\"\" decoding=\"async\" loading=\"lazy\" srcset=\"https:\/\/pasteur.ind.br\/wp-content\/uploads\/2024\/07\/acido_-mandelico.png 1440w, https:\/\/pasteur.ind.br\/wp-content\/uploads\/2024\/07\/acido_-mandelico-300x104.png 300w, https:\/\/pasteur.ind.br\/wp-content\/uploads\/2024\/07\/acido_-mandelico-768x267.png 768w\" sizes=\"(max-width: 1440px) 100vw, 1440px\" \/><\/figure>\n\n\n<div class=\"is-layout-flow wp-block-group\"><div class=\"wp-block-group__inner-container\">\n<p>Compartilhe: <div class=\"heateor_sss_sharing_container heateor_sss_horizontal_sharing\" data-heateor-ss-offset=\"0\" data-heateor-sss-href='https:\/\/pasteur.ind.br\/en\/2024\/07\/16\/conheca-as-vantagens-do-acido-mandelico-em-produtos-cosmeticos\/'><div class=\"heateor_sss_sharing_ul\"><a class=\"heateor_sss_facebook\" href=\"https:\/\/www.facebook.com\/sharer\/sharer.php?u=https%3A%2F%2Fpasteur.ind.br%2Fen%2F2024%2F07%2F16%2Fconheca-as-vantagens-do-acido-mandelico-em-produtos-cosmeticos%2F\" title=\"Facebook\" rel=\"nofollow noopener\" target=\"_blank\" style=\"font-size:32px!important;box-shadow:none;display:inline-block;vertical-align:middle\"><span class=\"heateor_sss_svg\" style=\"background-color:#3c589a;width:31px;height:31px;border-radius:999px;display:inline-block;opacity:1;float:left;font-size:32px;box-shadow:none;display:inline-block;font-size:16px;padding:0 4px;vertical-align:middle;background-repeat:repeat;overflow:hidden;padding:0;cursor:pointer;box-sizing:content-box\"><svg style=\"display:block;border-radius:999px;\" focusable=\"false\" aria-hidden=\"true\" xmlns=\"http:\/\/www.w3.org\/2000\/svg\" width=\"100%\" height=\"100%\" viewBox=\"-5 -5 42 42\"><path d=\"M17.78 27.5V17.008h3.522l.527-4.09h-4.05v-2.61c0-1.182.33-1.99 2.023-1.99h2.166V4.66c-.375-.05-1.66-.16-3.155-.16-3.123 0-5.26 1.905-5.26 5.405v3.016h-3.53v4.09h3.53V27.5h4.223z\" fill=\"#fff\"><\/path><\/svg><\/span><\/a><a class=\"heateor_sss_whatsapp\" href=\"https:\/\/api.whatsapp.com\/send?text=%3Cstrong%3EConhe%C3%A7a%20as%20vantagens%20do%20%C3%A1cido%20mand%C3%A9lico%20em%20produtos%20cosm%C3%A9ticos%3C%2Fstrong%3E https%3A%2F%2Fpasteur.ind.br%2Fen%2F2024%2F07%2F16%2Fconheca-as-vantagens-do-acido-mandelico-em-produtos-cosmeticos%2F\" title=\"Whatsapp\" rel=\"nofollow noopener\" target=\"_blank\" style=\"font-size:32px!important;box-shadow:none;display:inline-block;vertical-align:middle\"><span class=\"heateor_sss_svg\" style=\"background-color:#55eb4c;width:31px;height:31px;border-radius:999px;display:inline-block;opacity:1;float:left;font-size:32px;box-shadow:none;display:inline-block;font-size:16px;padding:0 4px;vertical-align:middle;background-repeat:repeat;overflow:hidden;padding:0;cursor:pointer;box-sizing:content-box\"><svg style=\"display:block;border-radius:999px;\" focusable=\"false\" aria-hidden=\"true\" xmlns=\"http:\/\/www.w3.org\/2000\/svg\" width=\"100%\" height=\"100%\" viewBox=\"-6 -5 40 40\"><path class=\"heateor_sss_svg_stroke heateor_sss_no_fill\" stroke=\"#fff\" stroke-width=\"2\" fill=\"none\" d=\"M 11.579798566743314 24.396926207859085 A 10 10 0 1 0 6.808479557110079 20.73576436351046\"><\/path><path d=\"M 7 19 l -1 6 l 6 -1\" class=\"heateor_sss_no_fill heateor_sss_svg_stroke\" stroke=\"#fff\" stroke-width=\"2\" fill=\"none\"><\/path><path d=\"M 10 10 q -1 8 8 11 c 5 -1 0 -6 -1 -3 q -4 -3 -5 -5 c 4 -2 -1 -5 -1 -4\" fill=\"#fff\"><\/path><\/svg><\/span><\/a><a class=\"heateor_sss_button_twitter\" href=\"http:\/\/twitter.com\/intent\/tweet?text=%3Cstrong%3EConhe%C3%A7a%20as%20vantagens%20do%20%C3%A1cido%20mand%C3%A9lico%20em%20produtos%20cosm%C3%A9ticos%3C%2Fstrong%3E&url=https%3A%2F%2Fpasteur.ind.br%2Fen%2F2024%2F07%2F16%2Fconheca-as-vantagens-do-acido-mandelico-em-produtos-cosmeticos%2F\" title=\"Twitter\" rel=\"nofollow noopener\" target=\"_blank\" style=\"font-size:32px!important;box-shadow:none;display:inline-block;vertical-align:middle\"><span class=\"heateor_sss_svg heateor_sss_s__default heateor_sss_s_twitter\" style=\"background-color:#55acee;width:31px;height:31px;border-radius:999px;display:inline-block;opacity:1;float:left;font-size:32px;box-shadow:none;display:inline-block;font-size:16px;padding:0 4px;vertical-align:middle;background-repeat:repeat;overflow:hidden;padding:0;cursor:pointer;box-sizing:content-box\"><svg style=\"display:block;border-radius:999px;\" focusable=\"false\" aria-hidden=\"true\" xmlns=\"http:\/\/www.w3.org\/2000\/svg\" width=\"100%\" height=\"100%\" viewBox=\"-4 -4 39 39\"><path d=\"M28 8.557a9.913 9.913 0 0 1-2.828.775 4.93 4.93 0 0 0 2.166-2.725 9.738 9.738 0 0 1-3.13 1.194 4.92 4.92 0 0 0-3.593-1.55 4.924 4.924 0 0 0-4.794 6.049c-4.09-.21-7.72-2.17-10.15-5.15a4.942 4.942 0 0 0-.665 2.477c0 1.71.87 3.214 2.19 4.1a4.968 4.968 0 0 1-2.23-.616v.06c0 2.39 1.7 4.38 3.952 4.83-.414.115-.85.174-1.297.174-.318 0-.626-.03-.928-.086a4.935 4.935 0 0 0 4.6 3.42 9.893 9.893 0 0 1-6.114 2.107c-.398 0-.79-.023-1.175-.068a13.953 13.953 0 0 0 7.55 2.213c9.056 0 14.01-7.507 14.01-14.013 0-.213-.005-.426-.015-.637.96-.695 1.795-1.56 2.455-2.55z\" fill=\"#fff\"><\/path><\/svg><\/span><\/a><\/div><div class=\"heateorSssClear\"><\/div><\/div><\/p>\n<\/div><\/div>\n<\/div><\/div>\n\n\n\n<h2>Conhe\u00e7a as vantagens do \u00e1cido mand\u00e9lico em produtos cosm\u00e9ticos<\/h2>\n\n\n\n<p><\/p>\n\n\n\n<p>Derivado de am\u00eandoas amargas, o \u00e1cido mand\u00e9lico pertence \u00e0 classe dos <a href=\"https:\/\/pasteur.ind.br\/2023\/10\/27\/saiba-mais-sobre-os-alfa-hidroxiacidos-e-suas-atuacoes-cosmeticas\/\">AHAs<\/a> (alfa-hidroxi\u00e1cidos) e \u00e9 bastante recomendado para pessoas al\u00e9rgicas ou com pele sens\u00edvel por se tratar de um \u00e1cido mais suave, com baixo potencial de irrita\u00e7\u00e3o.<\/p>\n\n\n\n<p>O componente oferece diversos benef\u00edcios para a pele e, por isso, \u00e9 considerado um superativo cosm\u00e9tico. Confira:<\/p>\n\n\n\n<p><strong>Suaviza\u00e7\u00e3o de manchas<\/strong><\/p>\n\n\n\n<p>Com propriedades clareadoras, o \u00e1cido mand\u00e9lico \u00e9 eficaz na redu\u00e7\u00e3o de marcas de hiperpigmenta\u00e7\u00e3o, como melasma e sardas, ajudando a uniformizar o tom da pele.<\/p>\n\n\n\n<p><strong>Combate \u00e0s rugas e linhas finas<\/strong><\/p>\n\n\n\n<p>O ativo estimula a produ\u00e7\u00e3o de col\u00e1geno que, por sua vez, diminui as rugas e linhas finas e aumenta a densidade, elasticidade e firmeza da pele, melhorando a sua sustenta\u00e7\u00e3o e apar\u00eancia geral.<\/p>\n\n\n\n<p><strong>Preven\u00e7\u00e3o e tratamento da acne<\/strong><\/p>\n\n\n\n<p>Ao mesmo tempo em que regula a produ\u00e7\u00e3o de sebo, o \u00e1cido mand\u00e9lico tamb\u00e9m esfolia a pele, desobstruindo os poros, e tem a\u00e7\u00e3o antibacteriana que auxilia na redu\u00e7\u00e3o da inflama\u00e7\u00e3o. Todas essas propriedades reunidas fazem dele um \u00f3timo aliado na preven\u00e7\u00e3o e tratamento da acne.<\/p>\n\n\n\n<p><strong>Acelera\u00e7\u00e3o da renova\u00e7\u00e3o celular<\/strong><\/p>\n\n\n\n<p>Ao promover a esfolia\u00e7\u00e3o da pele, a subst\u00e2ncia remove as c\u00e9lulas mortas e estimula o organismo a produzir novas c\u00e9lulas epid\u00e9rmicas, tornando a c\u00fatis mais vi\u00e7osa e rejuvenescida.<\/p>\n\n\n\n<p>Mesmo se tratando de um \u00e1cido consideravelmente mais suave se comparado a outros AHAs, seu uso requer alguns cuidados para garantir seguran\u00e7a e evitar poss\u00edveis irrita\u00e7\u00f5es: aplicar o produto sempre na pele limpa e seca, aumentar gradualmente a concentra\u00e7\u00e3o do ativo de acordo com a toler\u00e2ncia da pele e aten\u00e7\u00e3o redobrada na utiliza\u00e7\u00e3o correta do <a href=\"https:\/\/pasteur.ind.br\/2022\/11\/09\/o-produto-mais-eficaz-na-prevencao-do-envelhecimento-precoce\/\">protetor solar<\/a> durante todo o per\u00edodo de tratamento com a subst\u00e2ncia s\u00e3o alguns exemplos.<\/p>\n\n\n\n<p>Saiba mais sobre o \u00e1cido mand\u00e9lico e outros superativos da Pasteur entrando em <a href=\"https:\/\/pasteur.ind.br\/contato\/\">contato<\/a> conosco.<\/p>\n","protected":false},"excerpt":{"rendered":"<p>Compartilhe: Conhe\u00e7a as vantagens do \u00e1cido mand\u00e9lico em produtos cosm\u00e9ticos Derivado de am\u00eandoas amargas, o \u00e1cido mand\u00e9lico pertence \u00e0 classe dos AHAs (alfa-hidroxi\u00e1cidos) e \u00e9 bastante recomendado para pessoas al\u00e9rgicas ou com pele sens\u00edvel por se tratar de um \u00e1cido mais suave, com baixo potencial de irrita\u00e7\u00e3o. O componente oferece diversos benef\u00edcios para a pele [&hellip;]<\/p>\n","protected":false},"author":3,"featured_media":2852,"comment_status":"open","ping_status":"open","sticky":false,"template":"","format":"standard","meta":[],"categories":[1],"tags":[],"yoast_head":"<!-- This site is optimized with the Yoast SEO plugin v19.10 - https:\/\/yoast.com\/wordpress\/plugins\/seo\/ -->\n<title>Conhe\u00e7a as vantagens do \u00e1cido mand\u00e9lico em produtos cosm\u00e9ticos - Pasteur\u00a0<\/title>\n<meta name=\"robots\" content=\"index, follow, max-snippet:-1, max-image-preview:large, max-video-preview:-1\" \/>\n<link rel=\"canonical\" href=\"https:\/\/pasteur.ind.br\/2024\/07\/16\/conheca-as-vantagens-do-acido-mandelico-em-produtos-cosmeticos\/\" \/>\n<meta property=\"og:locale\" content=\"en_US\" \/>\n<meta property=\"og:type\" content=\"article\" \/>\n<meta property=\"og:title\" content=\"Conhe\u00e7a as vantagens do \u00e1cido mand\u00e9lico em produtos cosm\u00e9ticos\" \/>\n<meta property=\"og:description\" content=\"Compartilhe: Conhe\u00e7a as vantagens do \u00e1cido mand\u00e9lico em produtos cosm\u00e9ticos Derivado de am\u00eandoas amargas, o \u00e1cido mand\u00e9lico pertence \u00e0 classe dos AHAs (alfa-hidroxi\u00e1cidos) e \u00e9 bastante recomendado para pessoas al\u00e9rgicas ou com pele sens\u00edvel por se tratar de um \u00e1cido mais suave, com baixo potencial de irrita\u00e7\u00e3o. O componente oferece diversos benef\u00edcios para a pele [&hellip;]\" \/>\n<meta property=\"og:url\" content=\"https:\/\/pasteur.ind.br\/2024\/07\/16\/conheca-as-vantagens-do-acido-mandelico-em-produtos-cosmeticos\/\" \/>\n<meta property=\"og:site_name\" content=\"Pasteur\u00a0\" \/>\n<meta property=\"article:published_time\" content=\"2024-07-16T12:17:40+00:00\" \/>\n<meta property=\"article:modified_time\" content=\"2024-07-16T12:19:49+00:00\" \/>\n<meta property=\"og:image\" content=\"http:\/\/pasteur.ind.br\/wp-content\/uploads\/2024\/07\/acido_-mandelico.png\" \/>\n\t<meta property=\"og:image:width\" content=\"1440\" \/>\n\t<meta property=\"og:image:height\" content=\"501\" \/>\n\t<meta property=\"og:image:type\" content=\"image\/png\" \/>\n<meta name=\"author\" content=\"Danielle Gaia\" \/>\n<meta name=\"twitter:card\" content=\"summary_large_image\" \/>\n<meta name=\"twitter:label1\" content=\"Written by\" \/>\n\t<meta name=\"twitter:data1\" content=\"Danielle Gaia\" \/>\n\t<meta name=\"twitter:label2\" content=\"Est. reading time\" \/>\n\t<meta name=\"twitter:data2\" content=\"2 minutes\" \/>\n<script type=\"application\/ld+json\" class=\"yoast-schema-graph\">{\"@context\":\"https:\/\/schema.org\",\"@graph\":[{\"@type\":\"WebPage\",\"@id\":\"https:\/\/pasteur.ind.br\/2024\/07\/16\/conheca-as-vantagens-do-acido-mandelico-em-produtos-cosmeticos\/\",\"url\":\"https:\/\/pasteur.ind.br\/2024\/07\/16\/conheca-as-vantagens-do-acido-mandelico-em-produtos-cosmeticos\/\",\"name\":\"[:pt]Conhe\u00e7a as vantagens do \u00e1cido mand\u00e9lico em produtos cosm\u00e9ticos[:] - Pasteur\u00a0\",\"isPartOf\":{\"@id\":\"https:\/\/pasteur.ind.br\/#website\"},\"datePublished\":\"2024-07-16T12:17:40+00:00\",\"dateModified\":\"2024-07-16T12:19:49+00:00\",\"author\":{\"@id\":\"https:\/\/pasteur.ind.br\/#\/schema\/person\/df7c01e4f2aa5d467caede3923cc4031\"},\"inLanguage\":\"en-US\",\"potentialAction\":[{\"@type\":\"ReadAction\",\"target\":[\"https:\/\/pasteur.ind.br\/2024\/07\/16\/conheca-as-vantagens-do-acido-mandelico-em-produtos-cosmeticos\/\"]}]},{\"@type\":\"WebSite\",\"@id\":\"https:\/\/pasteur.ind.br\/#website\",\"url\":\"https:\/\/pasteur.ind.br\/\",\"name\":\"Pasteur\u00a0\",\"description\":\"S\u00f3 mais um site WordPress\",\"potentialAction\":[{\"@type\":\"SearchAction\",\"target\":{\"@type\":\"EntryPoint\",\"urlTemplate\":\"https:\/\/pasteur.ind.br\/?s={search_term_string}\"},\"query-input\":\"required name=search_term_string\"}],\"inLanguage\":\"en-US\"},{\"@type\":\"Person\",\"@id\":\"https:\/\/pasteur.ind.br\/#\/schema\/person\/df7c01e4f2aa5d467caede3923cc4031\",\"name\":\"Danielle Gaia\",\"image\":{\"@type\":\"ImageObject\",\"inLanguage\":\"en-US\",\"@id\":\"https:\/\/pasteur.ind.br\/#\/schema\/person\/image\/\",\"url\":\"https:\/\/secure.gravatar.com\/avatar\/fe46d2b535dd650bc726e26adf319b2c?s=96&d=mm&r=g\",\"contentUrl\":\"https:\/\/secure.gravatar.com\/avatar\/fe46d2b535dd650bc726e26adf319b2c?s=96&d=mm&r=g\",\"caption\":\"Danielle Gaia\"},\"url\":\"https:\/\/pasteur.ind.br\/en\/author\/danielle14bits-com-br\/\"}]}<\/script>\n<!-- \/ Yoast SEO plugin. -->","yoast_head_json":{"title":"Conhe\u00e7a as vantagens do \u00e1cido mand\u00e9lico em produtos cosm\u00e9ticos - Pasteur\u00a0","robots":{"index":"index","follow":"follow","max-snippet":"max-snippet:-1","max-image-preview":"max-image-preview:large","max-video-preview":"max-video-preview:-1"},"canonical":"https:\/\/pasteur.ind.br\/2024\/07\/16\/conheca-as-vantagens-do-acido-mandelico-em-produtos-cosmeticos\/","og_locale":"en_US","og_type":"article","og_title":"[:pt]Conhe\u00e7a as vantagens do \u00e1cido mand\u00e9lico em produtos cosm\u00e9ticos[:] - Pasteur\u00a0","og_description":"Compartilhe: Conhe\u00e7a as vantagens do \u00e1cido mand\u00e9lico em produtos cosm\u00e9ticos Derivado de am\u00eandoas amargas, o \u00e1cido mand\u00e9lico pertence \u00e0 classe dos AHAs (alfa-hidroxi\u00e1cidos) e \u00e9 bastante recomendado para pessoas al\u00e9rgicas ou com pele sens\u00edvel por se tratar de um \u00e1cido mais suave, com baixo potencial de irrita\u00e7\u00e3o. O componente oferece diversos benef\u00edcios para a pele [&hellip;]","og_url":"https:\/\/pasteur.ind.br\/2024\/07\/16\/conheca-as-vantagens-do-acido-mandelico-em-produtos-cosmeticos\/","og_site_name":"Pasteur\u00a0","article_published_time":"2024-07-16T12:17:40+00:00","article_modified_time":"2024-07-16T12:19:49+00:00","og_image":[{"width":1440,"height":501,"url":"http:\/\/pasteur.ind.br\/wp-content\/uploads\/2024\/07\/acido_-mandelico.png","type":"image\/png"}],"author":"Danielle Gaia","twitter_card":"summary_large_image","twitter_misc":{"Written by":"Danielle Gaia","Est. reading time":"2 minutes"},"schema":{"@context":"https:\/\/schema.org","@graph":[{"@type":"WebPage","@id":"https:\/\/pasteur.ind.br\/2024\/07\/16\/conheca-as-vantagens-do-acido-mandelico-em-produtos-cosmeticos\/","url":"https:\/\/pasteur.ind.br\/2024\/07\/16\/conheca-as-vantagens-do-acido-mandelico-em-produtos-cosmeticos\/","name":"[:pt]Conhe\u00e7a as vantagens do \u00e1cido mand\u00e9lico em produtos cosm\u00e9ticos[:] - Pasteur\u00a0","isPartOf":{"@id":"https:\/\/pasteur.ind.br\/#website"},"datePublished":"2024-07-16T12:17:40+00:00","dateModified":"2024-07-16T12:19:49+00:00","author":{"@id":"https:\/\/pasteur.ind.br\/#\/schema\/person\/df7c01e4f2aa5d467caede3923cc4031"},"inLanguage":"en-US","potentialAction":[{"@type":"ReadAction","target":["https:\/\/pasteur.ind.br\/2024\/07\/16\/conheca-as-vantagens-do-acido-mandelico-em-produtos-cosmeticos\/"]}]},{"@type":"WebSite","@id":"https:\/\/pasteur.ind.br\/#website","url":"https:\/\/pasteur.ind.br\/","name":"Pasteur\u00a0","description":"S\u00f3 mais um site WordPress","potentialAction":[{"@type":"SearchAction","target":{"@type":"EntryPoint","urlTemplate":"https:\/\/pasteur.ind.br\/?s={search_term_string}"},"query-input":"required name=search_term_string"}],"inLanguage":"en-US"},{"@type":"Person","@id":"https:\/\/pasteur.ind.br\/#\/schema\/person\/df7c01e4f2aa5d467caede3923cc4031","name":"Danielle Gaia","image":{"@type":"ImageObject","inLanguage":"en-US","@id":"https:\/\/pasteur.ind.br\/#\/schema\/person\/image\/","url":"https:\/\/secure.gravatar.com\/avatar\/fe46d2b535dd650bc726e26adf319b2c?s=96&d=mm&r=g","contentUrl":"https:\/\/secure.gravatar.com\/avatar\/fe46d2b535dd650bc726e26adf319b2c?s=96&d=mm&r=g","caption":"Danielle Gaia"},"url":"https:\/\/pasteur.ind.br\/en\/author\/danielle14bits-com-br\/"}]}},"_links":{"self":[{"href":"https:\/\/pasteur.ind.br\/en\/wp-json\/wp\/v2\/posts\/2849"}],"collection":[{"href":"https:\/\/pasteur.ind.br\/en\/wp-json\/wp\/v2\/posts"}],"about":[{"href":"https:\/\/pasteur.ind.br\/en\/wp-json\/wp\/v2\/types\/post"}],"author":[{"embeddable":true,"href":"https:\/\/pasteur.ind.br\/en\/wp-json\/wp\/v2\/users\/3"}],"replies":[{"embeddable":true,"href":"https:\/\/pasteur.ind.br\/en\/wp-json\/wp\/v2\/comments?post=2849"}],"version-history":[{"count":5,"href":"https:\/\/pasteur.ind.br\/en\/wp-json\/wp\/v2\/posts\/2849\/revisions"}],"predecessor-version":[{"id":2856,"href":"https:\/\/pasteur.ind.br\/en\/wp-json\/wp\/v2\/posts\/2849\/revisions\/2856"}],"wp:featuredmedia":[{"embeddable":true,"href":"https:\/\/pasteur.ind.br\/en\/wp-json\/wp\/v2\/media\/2852"}],"wp:attachment":[{"href":"https:\/\/pasteur.ind.br\/en\/wp-json\/wp\/v2\/media?parent=2849"}],"wp:term":[{"taxonomy":"category","embeddable":true,"href":"https:\/\/pasteur.ind.br\/en\/wp-json\/wp\/v2\/categories?post=2849"},{"taxonomy":"post_tag","embeddable":true,"href":"https:\/\/pasteur.ind.br\/en\/wp-json\/wp\/v2\/tags?post=2849"}],"curies":[{"name":"wp","href":"https:\/\/api.w.org\/{rel}","templated":true}]}}