{"id":2442,"date":"2023-02-14T14:19:10","date_gmt":"2023-02-14T17:19:10","guid":{"rendered":"http:\/\/pasteur.ind.br\/?p=2442"},"modified":"2023-02-14T14:19:11","modified_gmt":"2023-02-14T17:19:11","slug":"cuidados-com-os-cabelos-no-verao","status":"publish","type":"post","link":"https:\/\/pasteur.ind.br\/es\/2023\/02\/14\/cuidados-com-os-cabelos-no-verao\/","title":{"rendered":"Cuidados com os cabelos no ver\u00e3o"},"content":{"rendered":"\n<div class=\"is-layout-flow wp-block-group featured-banner\"><div class=\"wp-block-group__inner-container\"><figure class=\"wp-block-post-featured-image\"><img width=\"1440\" height=\"501\" src=\"https:\/\/pasteur.ind.br\/wp-content\/uploads\/2023\/02\/header_blog_desktopART8_2.png\" class=\"attachment-post-thumbnail size-post-thumbnail wp-post-image\" alt=\"\" decoding=\"async\" loading=\"lazy\" srcset=\"https:\/\/pasteur.ind.br\/wp-content\/uploads\/2023\/02\/header_blog_desktopART8_2.png 1440w, https:\/\/pasteur.ind.br\/wp-content\/uploads\/2023\/02\/header_blog_desktopART8_2-300x104.png 300w, https:\/\/pasteur.ind.br\/wp-content\/uploads\/2023\/02\/header_blog_desktopART8_2-768x267.png 768w\" sizes=\"(max-width: 1440px) 100vw, 1440px\" \/><\/figure>\n\n\n<div class=\"is-layout-flow wp-block-group\"><div class=\"wp-block-group__inner-container\">\n<p>Compartilhe: <div class=\"heateor_sss_sharing_container heateor_sss_horizontal_sharing\" data-heateor-ss-offset=\"0\" data-heateor-sss-href='https:\/\/pasteur.ind.br\/es\/2023\/02\/14\/cuidados-com-os-cabelos-no-verao\/'><div class=\"heateor_sss_sharing_ul\"><a class=\"heateor_sss_facebook\" href=\"https:\/\/www.facebook.com\/sharer\/sharer.php?u=https%3A%2F%2Fpasteur.ind.br%2Fes%2F2023%2F02%2F14%2Fcuidados-com-os-cabelos-no-verao%2F\" title=\"Facebook\" rel=\"nofollow noopener\" target=\"_blank\" style=\"font-size:32px!important;box-shadow:none;display:inline-block;vertical-align:middle\"><span class=\"heateor_sss_svg\" style=\"background-color:#3c589a;width:31px;height:31px;border-radius:999px;display:inline-block;opacity:1;float:left;font-size:32px;box-shadow:none;display:inline-block;font-size:16px;padding:0 4px;vertical-align:middle;background-repeat:repeat;overflow:hidden;padding:0;cursor:pointer;box-sizing:content-box\"><svg style=\"display:block;border-radius:999px;\" focusable=\"false\" aria-hidden=\"true\" xmlns=\"http:\/\/www.w3.org\/2000\/svg\" width=\"100%\" height=\"100%\" viewBox=\"-5 -5 42 42\"><path d=\"M17.78 27.5V17.008h3.522l.527-4.09h-4.05v-2.61c0-1.182.33-1.99 2.023-1.99h2.166V4.66c-.375-.05-1.66-.16-3.155-.16-3.123 0-5.26 1.905-5.26 5.405v3.016h-3.53v4.09h3.53V27.5h4.223z\" fill=\"#fff\"><\/path><\/svg><\/span><\/a><a class=\"heateor_sss_whatsapp\" href=\"https:\/\/api.whatsapp.com\/send?text=Cuidados%20com%20os%20cabelos%20no%20ver%C3%A3o https%3A%2F%2Fpasteur.ind.br%2Fes%2F2023%2F02%2F14%2Fcuidados-com-os-cabelos-no-verao%2F\" title=\"Whatsapp\" rel=\"nofollow noopener\" target=\"_blank\" style=\"font-size:32px!important;box-shadow:none;display:inline-block;vertical-align:middle\"><span class=\"heateor_sss_svg\" style=\"background-color:#55eb4c;width:31px;height:31px;border-radius:999px;display:inline-block;opacity:1;float:left;font-size:32px;box-shadow:none;display:inline-block;font-size:16px;padding:0 4px;vertical-align:middle;background-repeat:repeat;overflow:hidden;padding:0;cursor:pointer;box-sizing:content-box\"><svg style=\"display:block;border-radius:999px;\" focusable=\"false\" aria-hidden=\"true\" xmlns=\"http:\/\/www.w3.org\/2000\/svg\" width=\"100%\" height=\"100%\" viewBox=\"-6 -5 40 40\"><path class=\"heateor_sss_svg_stroke heateor_sss_no_fill\" stroke=\"#fff\" stroke-width=\"2\" fill=\"none\" d=\"M 11.579798566743314 24.396926207859085 A 10 10 0 1 0 6.808479557110079 20.73576436351046\"><\/path><path d=\"M 7 19 l -1 6 l 6 -1\" class=\"heateor_sss_no_fill heateor_sss_svg_stroke\" stroke=\"#fff\" stroke-width=\"2\" fill=\"none\"><\/path><path d=\"M 10 10 q -1 8 8 11 c 5 -1 0 -6 -1 -3 q -4 -3 -5 -5 c 4 -2 -1 -5 -1 -4\" fill=\"#fff\"><\/path><\/svg><\/span><\/a><a class=\"heateor_sss_button_twitter\" href=\"http:\/\/twitter.com\/intent\/tweet?text=Cuidados%20com%20os%20cabelos%20no%20ver%C3%A3o&url=https%3A%2F%2Fpasteur.ind.br%2Fes%2F2023%2F02%2F14%2Fcuidados-com-os-cabelos-no-verao%2F\" title=\"Twitter\" rel=\"nofollow noopener\" target=\"_blank\" style=\"font-size:32px!important;box-shadow:none;display:inline-block;vertical-align:middle\"><span class=\"heateor_sss_svg heateor_sss_s__default heateor_sss_s_twitter\" style=\"background-color:#55acee;width:31px;height:31px;border-radius:999px;display:inline-block;opacity:1;float:left;font-size:32px;box-shadow:none;display:inline-block;font-size:16px;padding:0 4px;vertical-align:middle;background-repeat:repeat;overflow:hidden;padding:0;cursor:pointer;box-sizing:content-box\"><svg style=\"display:block;border-radius:999px;\" focusable=\"false\" aria-hidden=\"true\" xmlns=\"http:\/\/www.w3.org\/2000\/svg\" width=\"100%\" height=\"100%\" viewBox=\"-4 -4 39 39\"><path d=\"M28 8.557a9.913 9.913 0 0 1-2.828.775 4.93 4.93 0 0 0 2.166-2.725 9.738 9.738 0 0 1-3.13 1.194 4.92 4.92 0 0 0-3.593-1.55 4.924 4.924 0 0 0-4.794 6.049c-4.09-.21-7.72-2.17-10.15-5.15a4.942 4.942 0 0 0-.665 2.477c0 1.71.87 3.214 2.19 4.1a4.968 4.968 0 0 1-2.23-.616v.06c0 2.39 1.7 4.38 3.952 4.83-.414.115-.85.174-1.297.174-.318 0-.626-.03-.928-.086a4.935 4.935 0 0 0 4.6 3.42 9.893 9.893 0 0 1-6.114 2.107c-.398 0-.79-.023-1.175-.068a13.953 13.953 0 0 0 7.55 2.213c9.056 0 14.01-7.507 14.01-14.013 0-.213-.005-.426-.015-.637.96-.695 1.795-1.56 2.455-2.55z\" fill=\"#fff\"><\/path><\/svg><\/span><\/a><\/div><div class=\"heateorSssClear\"><\/div><\/div><\/p>\n<\/div><\/div>\n<\/div><\/div>\n\n\n\n<h2>Cuidados com os cabelos no ver\u00e3o<\/h2>\n\n\n\n<p>Durante o&nbsp;<a href=\"http:\/\/pasteur.ind.br\/2022\/11\/28\/saiba-como-preparar-a-pele-para-o-verao\/\">ver\u00e3o<\/a>, com as f\u00e9rias e altas temperaturas, \u00e9 comum fazermos mais atividades ao ar livre, desde passeios e pr\u00e1tica de esportes at\u00e9 banhos de mar ou piscina. Com isso, os cabelos ficam mais expostos a agress\u00f5es externas como&nbsp;<a href=\"http:\/\/pasteur.ind.br\/2022\/11\/09\/a-luz-visivel-e-os-perigos-que-ela-representa-a-saude-cut-nea\/\">radia\u00e7\u00e3o solar<\/a>, calor, sal e cloro, e necessitam de cuidados redobrados para se manterem saud\u00e1veis e bonitos.<\/p>\n\n\n\n<p>Assim como a&nbsp;<a href=\"http:\/\/pasteur.ind.br\/2022\/11\/09\/o-produto-mais-eficaz-na-prevencao-do-envelhecimento-precoce\/\">pele<\/a>, os cabelos sofrem com a incid\u00eancia dos raios solares, e durante o ver\u00e3o os \u00edndices de<a href=\"http:\/\/pasteur.ind.br\/2022\/11\/09\/as-diferencas-entre-os-raios-uva-e-uvb-e-a-importancia-da-protecao-solar\/\">&nbsp;raios UVA e UVB<\/a>&nbsp;atingem seu \u00e1pice. Ao entrar em contato com fios desprotegidos, a radia\u00e7\u00e3o solar causa danos \u00e0 fibra capilar \u2014 problema agravado pelo o sal e o cloro, que tamb\u00e9m t\u00eam a\u00e7\u00e3o desidratante sobre os fios, deixando-os quebradi\u00e7os e sem brilho.&nbsp;<\/p>\n\n\n\n<p>Para evitar esses danos e manter os fios cheios de vida durante toda a esta\u00e7\u00e3o, confira a seguir alguns cuidados importantes com os cabelos no ver\u00e3o.<\/p>\n\n\n\n<p><strong>1. Aumente a aten\u00e7\u00e3o com a hidrata\u00e7\u00e3o&nbsp;<\/strong><br>Essencial o ano inteiro, a hidrata\u00e7\u00e3o se torna ainda mais importante durante o ver\u00e3o, j\u00e1 que nessa \u00e9poca o ressecamento e perda de nutrientes dos cabelos \u00e9 ainda maior. Al\u00e9m de substituir o condicionador regular por m\u00e1scara em algumas lavagens, vale a pena incluir tratamentos mais profundos de hidrata\u00e7\u00e3o e umecta\u00e7\u00e3o semanais ou quinzenais, por exemplo, a fim de fortalecer, nutrir e proporcionar maciez e brilho aos fios.<\/p>\n\n\n\n<p><strong>2. Abuse dos acess\u00f3rios para proteger os fios do sol<\/strong><br>Len\u00e7os, chap\u00e9us ou bon\u00e9s s\u00e3o boas pedidas durante o ver\u00e3o, pois funcionam como barreiras f\u00edsicas, impedindo que o sol tenha contato direto com a fibra capilar. Mas aten\u00e7\u00e3o: evite us\u00e1-los sobre os cabelos molhados, pois isso causa abafamento e pode levar ao surgimento de caspa, prolifera\u00e7\u00e3o de fungos e aumentar a quebra dos fios.<\/p>\n\n\n\n<p><strong>3. Invista em produtos com prote\u00e7\u00e3o UV&nbsp;<\/strong><br>Os raios UV s\u00e3o prejudiciais \u00e0 fibra capilar, causando danos \u00e0 queratina e provocando o ressecamento dos fios e o desbotamento da cor. Produtos com filtro agem como uma barreira, protegendo os cabelos das agress\u00f5es causadas pela radia\u00e7\u00e3o solar.<\/p>\n\n\n\n<p><strong>4. Aposte nos cremes de pentear<\/strong><br>Para recuperar a maciez dos cabelos e facilitar o penteado ap\u00f3s banhos de mar ou piscina, os cremes&nbsp;<em>leave-in<\/em>&nbsp;s\u00e3o boas op\u00e7\u00f5es. Esses produtos t\u00eam f\u00e1cil aplica\u00e7\u00e3o e conferem hidrata\u00e7\u00e3o e brilho aos fios, al\u00e9m de minimizar a perda de nutrientes, disciplinar e reduzir o frizz.<\/p>\n\n\n\n<p><strong>5. Beba muita \u00e1gua<\/strong><br>A hidrata\u00e7\u00e3o do organismo \u00e9 essencial tamb\u00e9m para a sa\u00fade dos cabelos, especialmente nessa \u00e9poca, em que tendemos a suar mais. Tenha uma garrafinha cheia sempre por perto e abuse tamb\u00e9m de sucos e ch\u00e1s gelados.&nbsp;<\/p>\n\n\n\n<p><strong>6. Deixe a chapinha e o secador de lado<\/strong><br>Sempre que poss\u00edvel, evite o uso do secador, chapinha ou babyliss. Esses aparelhos desidratam os fios (que, nessa \u00e9poca do ano, j\u00e1 est\u00e3o naturalmente fragilizados por conta das agress\u00f5es externas intensificadas durante o ver\u00e3o), tornando-os mais quebradi\u00e7os, fr\u00e1geis e ressecados.<\/p>\n\n\n\n<p><strong>7. Espere o cabelo secar antes de prend\u00ea-lo<\/strong><br>Al\u00e9m de quebrar os fios e aumentar as chances de queda, prender os cabelos molhados tamb\u00e9m pode favorecer o aparecimento de caspa e prolifera\u00e7\u00e3o de fungos no couro cabeludo. Portanto, aguarde at\u00e9 que o cabelo esteja completamente seco para prend\u00ea-lo.<\/p>\n\n\n\n<p><strong>8. Evite tomar banhos quentes<\/strong><br>A \u00e1gua quente acelera o processo de descama\u00e7\u00e3o do couro cabeludo, deixando-o mais sens\u00edvel e aumentando a oleosidade, al\u00e9m de danificar os fios capilares. Evite sempre que poss\u00edvel.<\/p>\n\n\n\n<p><strong>9. Use produtos apropriados para o ver\u00e3o<\/strong><br>J\u00e1 que as necessidades dos cabelos mudam no ver\u00e3o, \u00e9 recomend\u00e1vel usar produtos apropriados. A maior parte dos shampoos cont\u00e9m sulfatos, que limpam os fios, mas que ao mesmo tempo retiram sua prote\u00e7\u00e3o, deixando o cabelo mais vulner\u00e1vel \u00e0s agress\u00f5es externas. No ver\u00e3o, vale investir em shampoos livres de sulfatos. No caso dos condicionadores, recomenda-se optar por produtos com formula\u00e7\u00f5es mais leves e mais naturais, que n\u00e3o contenham parabenos, petrolatos e silicones (que formam uma pel\u00edcula que impede a absor\u00e7\u00e3o dos nutrientes de cremes de tratamento pelos fios).<\/p>\n","protected":false},"excerpt":{"rendered":"<p>Compartilhe: Cuidados com os cabelos no ver\u00e3o Durante o&nbsp;ver\u00e3o, com as f\u00e9rias e altas temperaturas, \u00e9 comum fazermos mais atividades ao ar livre, desde passeios e pr\u00e1tica de esportes at\u00e9 banhos de mar ou piscina. Com isso, os cabelos ficam mais expostos a agress\u00f5es externas como&nbsp;radia\u00e7\u00e3o solar, calor, sal e cloro, e necessitam de cuidados [&hellip;]<\/p>\n","protected":false},"author":1,"featured_media":2445,"comment_status":"open","ping_status":"open","sticky":false,"template":"","format":"standard","meta":[],"categories":[1],"tags":[],"yoast_head":"<!-- This site is optimized with the Yoast SEO plugin v19.10 - https:\/\/yoast.com\/wordpress\/plugins\/seo\/ -->\n<title>Cuidados com os cabelos no ver\u00e3o - Pasteur\u00a0<\/title>\n<meta name=\"robots\" content=\"index, follow, max-snippet:-1, max-image-preview:large, max-video-preview:-1\" \/>\n<link rel=\"canonical\" href=\"https:\/\/pasteur.ind.br\/2023\/02\/14\/cuidados-com-os-cabelos-no-verao\/\" \/>\n<meta property=\"og:locale\" content=\"es_ES\" \/>\n<meta property=\"og:type\" content=\"article\" \/>\n<meta property=\"og:title\" content=\"Cuidados com os cabelos no ver\u00e3o\" \/>\n<meta property=\"og:description\" content=\"Compartilhe: Cuidados com os cabelos no ver\u00e3o Durante o&nbsp;ver\u00e3o, com as f\u00e9rias e altas temperaturas, \u00e9 comum fazermos mais atividades ao ar livre, desde passeios e pr\u00e1tica de esportes at\u00e9 banhos de mar ou piscina. Com isso, os cabelos ficam mais expostos a agress\u00f5es externas como&nbsp;radia\u00e7\u00e3o solar, calor, sal e cloro, e necessitam de cuidados [&hellip;]\" \/>\n<meta property=\"og:url\" content=\"https:\/\/pasteur.ind.br\/2023\/02\/14\/cuidados-com-os-cabelos-no-verao\/\" \/>\n<meta property=\"og:site_name\" content=\"Pasteur\u00a0\" \/>\n<meta property=\"article:published_time\" content=\"2023-02-14T17:19:10+00:00\" \/>\n<meta property=\"article:modified_time\" content=\"2023-02-14T17:19:11+00:00\" \/>\n<meta property=\"og:image\" content=\"https:\/\/pasteur.ind.br\/wp-content\/uploads\/2023\/02\/header_blog_desktopART8_2.png\" \/>\n\t<meta property=\"og:image:width\" content=\"1440\" \/>\n\t<meta property=\"og:image:height\" content=\"501\" \/>\n\t<meta property=\"og:image:type\" content=\"image\/png\" \/>\n<meta name=\"author\" content=\"root\" \/>\n<meta name=\"twitter:card\" content=\"summary_large_image\" \/>\n<meta name=\"twitter:label1\" content=\"Written by\" \/>\n\t<meta name=\"twitter:data1\" content=\"root\" \/>\n\t<meta name=\"twitter:label2\" content=\"Est. reading time\" \/>\n\t<meta name=\"twitter:data2\" content=\"4 minutos\" \/>\n<script type=\"application\/ld+json\" class=\"yoast-schema-graph\">{\"@context\":\"https:\/\/schema.org\",\"@graph\":[{\"@type\":\"WebPage\",\"@id\":\"https:\/\/pasteur.ind.br\/2023\/02\/14\/cuidados-com-os-cabelos-no-verao\/\",\"url\":\"https:\/\/pasteur.ind.br\/2023\/02\/14\/cuidados-com-os-cabelos-no-verao\/\",\"name\":\"[:pt]Cuidados com os cabelos no ver\u00e3o[:] - Pasteur\u00a0\",\"isPartOf\":{\"@id\":\"https:\/\/pasteur.ind.br\/#website\"},\"datePublished\":\"2023-02-14T17:19:10+00:00\",\"dateModified\":\"2023-02-14T17:19:11+00:00\",\"author\":{\"@id\":\"https:\/\/pasteur.ind.br\/#\/schema\/person\/1d1c1cde44e7334b83af91d28a7aea08\"},\"inLanguage\":\"es-ES\",\"potentialAction\":[{\"@type\":\"ReadAction\",\"target\":[\"https:\/\/pasteur.ind.br\/2023\/02\/14\/cuidados-com-os-cabelos-no-verao\/\"]}]},{\"@type\":\"WebSite\",\"@id\":\"https:\/\/pasteur.ind.br\/#website\",\"url\":\"https:\/\/pasteur.ind.br\/\",\"name\":\"Pasteur\u00a0\",\"description\":\"S\u00f3 mais um site WordPress\",\"potentialAction\":[{\"@type\":\"SearchAction\",\"target\":{\"@type\":\"EntryPoint\",\"urlTemplate\":\"https:\/\/pasteur.ind.br\/?s={search_term_string}\"},\"query-input\":\"required name=search_term_string\"}],\"inLanguage\":\"es-ES\"},{\"@type\":\"Person\",\"@id\":\"https:\/\/pasteur.ind.br\/#\/schema\/person\/1d1c1cde44e7334b83af91d28a7aea08\",\"name\":\"root\",\"image\":{\"@type\":\"ImageObject\",\"inLanguage\":\"es-ES\",\"@id\":\"https:\/\/pasteur.ind.br\/#\/schema\/person\/image\/\",\"url\":\"https:\/\/secure.gravatar.com\/avatar\/17ef2e82f739a861c991283e3bb46d8d?s=96&d=mm&r=g\",\"contentUrl\":\"https:\/\/secure.gravatar.com\/avatar\/17ef2e82f739a861c991283e3bb46d8d?s=96&d=mm&r=g\",\"caption\":\"root\"},\"sameAs\":[\"http:\/\/pasteur.ind.br\"],\"url\":\"https:\/\/pasteur.ind.br\/es\/author\/root\/\"}]}<\/script>\n<!-- \/ Yoast SEO plugin. -->","yoast_head_json":{"title":"Cuidados com os cabelos no ver\u00e3o - Pasteur\u00a0","robots":{"index":"index","follow":"follow","max-snippet":"max-snippet:-1","max-image-preview":"max-image-preview:large","max-video-preview":"max-video-preview:-1"},"canonical":"https:\/\/pasteur.ind.br\/2023\/02\/14\/cuidados-com-os-cabelos-no-verao\/","og_locale":"es_ES","og_type":"article","og_title":"[:pt]Cuidados com os cabelos no ver\u00e3o[:] - Pasteur\u00a0","og_description":"Compartilhe: Cuidados com os cabelos no ver\u00e3o Durante o&nbsp;ver\u00e3o, com as f\u00e9rias e altas temperaturas, \u00e9 comum fazermos mais atividades ao ar livre, desde passeios e pr\u00e1tica de esportes at\u00e9 banhos de mar ou piscina. Com isso, os cabelos ficam mais expostos a agress\u00f5es externas como&nbsp;radia\u00e7\u00e3o solar, calor, sal e cloro, e necessitam de cuidados [&hellip;]","og_url":"https:\/\/pasteur.ind.br\/2023\/02\/14\/cuidados-com-os-cabelos-no-verao\/","og_site_name":"Pasteur\u00a0","article_published_time":"2023-02-14T17:19:10+00:00","article_modified_time":"2023-02-14T17:19:11+00:00","og_image":[{"width":1440,"height":501,"url":"https:\/\/pasteur.ind.br\/wp-content\/uploads\/2023\/02\/header_blog_desktopART8_2.png","type":"image\/png"}],"author":"root","twitter_card":"summary_large_image","twitter_misc":{"Written by":"root","Est. reading time":"4 minutos"},"schema":{"@context":"https:\/\/schema.org","@graph":[{"@type":"WebPage","@id":"https:\/\/pasteur.ind.br\/2023\/02\/14\/cuidados-com-os-cabelos-no-verao\/","url":"https:\/\/pasteur.ind.br\/2023\/02\/14\/cuidados-com-os-cabelos-no-verao\/","name":"[:pt]Cuidados com os cabelos no ver\u00e3o[:] - Pasteur\u00a0","isPartOf":{"@id":"https:\/\/pasteur.ind.br\/#website"},"datePublished":"2023-02-14T17:19:10+00:00","dateModified":"2023-02-14T17:19:11+00:00","author":{"@id":"https:\/\/pasteur.ind.br\/#\/schema\/person\/1d1c1cde44e7334b83af91d28a7aea08"},"inLanguage":"es-ES","potentialAction":[{"@type":"ReadAction","target":["https:\/\/pasteur.ind.br\/2023\/02\/14\/cuidados-com-os-cabelos-no-verao\/"]}]},{"@type":"WebSite","@id":"https:\/\/pasteur.ind.br\/#website","url":"https:\/\/pasteur.ind.br\/","name":"Pasteur\u00a0","description":"S\u00f3 mais um site WordPress","potentialAction":[{"@type":"SearchAction","target":{"@type":"EntryPoint","urlTemplate":"https:\/\/pasteur.ind.br\/?s={search_term_string}"},"query-input":"required name=search_term_string"}],"inLanguage":"es-ES"},{"@type":"Person","@id":"https:\/\/pasteur.ind.br\/#\/schema\/person\/1d1c1cde44e7334b83af91d28a7aea08","name":"root","image":{"@type":"ImageObject","inLanguage":"es-ES","@id":"https:\/\/pasteur.ind.br\/#\/schema\/person\/image\/","url":"https:\/\/secure.gravatar.com\/avatar\/17ef2e82f739a861c991283e3bb46d8d?s=96&d=mm&r=g","contentUrl":"https:\/\/secure.gravatar.com\/avatar\/17ef2e82f739a861c991283e3bb46d8d?s=96&d=mm&r=g","caption":"root"},"sameAs":["http:\/\/pasteur.ind.br"],"url":"https:\/\/pasteur.ind.br\/es\/author\/root\/"}]}},"_links":{"self":[{"href":"https:\/\/pasteur.ind.br\/es\/wp-json\/wp\/v2\/posts\/2442"}],"collection":[{"href":"https:\/\/pasteur.ind.br\/es\/wp-json\/wp\/v2\/posts"}],"about":[{"href":"https:\/\/pasteur.ind.br\/es\/wp-json\/wp\/v2\/types\/post"}],"author":[{"embeddable":true,"href":"https:\/\/pasteur.ind.br\/es\/wp-json\/wp\/v2\/users\/1"}],"replies":[{"embeddable":true,"href":"https:\/\/pasteur.ind.br\/es\/wp-json\/wp\/v2\/comments?post=2442"}],"version-history":[{"count":2,"href":"https:\/\/pasteur.ind.br\/es\/wp-json\/wp\/v2\/posts\/2442\/revisions"}],"predecessor-version":[{"id":2446,"href":"https:\/\/pasteur.ind.br\/es\/wp-json\/wp\/v2\/posts\/2442\/revisions\/2446"}],"wp:featuredmedia":[{"embeddable":true,"href":"https:\/\/pasteur.ind.br\/es\/wp-json\/wp\/v2\/media\/2445"}],"wp:attachment":[{"href":"https:\/\/pasteur.ind.br\/es\/wp-json\/wp\/v2\/media?parent=2442"}],"wp:term":[{"taxonomy":"category","embeddable":true,"href":"https:\/\/pasteur.ind.br\/es\/wp-json\/wp\/v2\/categories?post=2442"},{"taxonomy":"post_tag","embeddable":true,"href":"https:\/\/pasteur.ind.br\/es\/wp-json\/wp\/v2\/tags?post=2442"}],"curies":[{"name":"wp","href":"https:\/\/api.w.org\/{rel}","templated":true}]}}