{"id":2564,"date":"2023-08-08T18:33:56","date_gmt":"2023-08-08T21:33:56","guid":{"rendered":"https:\/\/pasteur.ind.br\/?p=2564"},"modified":"2024-07-08T13:44:43","modified_gmt":"2024-07-08T16:44:43","slug":"protetor-solar-com-cor-um-produto-multifuncional","status":"publish","type":"post","link":"https:\/\/pasteur.ind.br\/es\/2023\/08\/08\/protetor-solar-com-cor-um-produto-multifuncional\/","title":{"rendered":"Protector solar con color: un producto multifuncional"},"content":{"rendered":"\n<div class=\"is-layout-flow wp-block-group featured-banner\"><div class=\"wp-block-group__inner-container\"><figure class=\"wp-block-post-featured-image\"><img width=\"1440\" height=\"501\" src=\"https:\/\/pasteur.ind.br\/wp-content\/uploads\/2023\/08\/header_blog_desktop3-2.png\" class=\"attachment-post-thumbnail size-post-thumbnail wp-post-image\" alt=\"\" decoding=\"async\" loading=\"lazy\" srcset=\"https:\/\/pasteur.ind.br\/wp-content\/uploads\/2023\/08\/header_blog_desktop3-2.png 1440w, https:\/\/pasteur.ind.br\/wp-content\/uploads\/2023\/08\/header_blog_desktop3-2-300x104.png 300w, https:\/\/pasteur.ind.br\/wp-content\/uploads\/2023\/08\/header_blog_desktop3-2-768x267.png 768w\" sizes=\"(max-width: 1440px) 100vw, 1440px\" \/><\/figure>\n\n\n<div class=\"is-layout-flow wp-block-group\"><div class=\"wp-block-group__inner-container\">\n<p>Compartilhe: <div class=\"heateor_sss_sharing_container heateor_sss_horizontal_sharing\" data-heateor-ss-offset=\"0\" data-heateor-sss-href='https:\/\/pasteur.ind.br\/es\/2023\/08\/08\/protetor-solar-com-cor-um-produto-multifuncional\/'><div class=\"heateor_sss_sharing_ul\"><a class=\"heateor_sss_facebook\" href=\"https:\/\/www.facebook.com\/sharer\/sharer.php?u=https%3A%2F%2Fpasteur.ind.br%2Fes%2F2023%2F08%2F08%2Fprotetor-solar-com-cor-um-produto-multifuncional%2F\" title=\"Facebook\" rel=\"nofollow noopener\" target=\"_blank\" style=\"font-size:32px!important;box-shadow:none;display:inline-block;vertical-align:middle\"><span class=\"heateor_sss_svg\" style=\"background-color:#3c589a;width:31px;height:31px;border-radius:999px;display:inline-block;opacity:1;float:left;font-size:32px;box-shadow:none;display:inline-block;font-size:16px;padding:0 4px;vertical-align:middle;background-repeat:repeat;overflow:hidden;padding:0;cursor:pointer;box-sizing:content-box\"><svg style=\"display:block;border-radius:999px;\" focusable=\"false\" aria-hidden=\"true\" xmlns=\"http:\/\/www.w3.org\/2000\/svg\" width=\"100%\" height=\"100%\" viewBox=\"-5 -5 42 42\"><path d=\"M17.78 27.5V17.008h3.522l.527-4.09h-4.05v-2.61c0-1.182.33-1.99 2.023-1.99h2.166V4.66c-.375-.05-1.66-.16-3.155-.16-3.123 0-5.26 1.905-5.26 5.405v3.016h-3.53v4.09h3.53V27.5h4.223z\" fill=\"#fff\"><\/path><\/svg><\/span><\/a><a class=\"heateor_sss_whatsapp\" href=\"https:\/\/api.whatsapp.com\/send?text=Protector%20solar%20con%20color%3A%20un%20producto%20multifuncional https%3A%2F%2Fpasteur.ind.br%2Fes%2F2023%2F08%2F08%2Fprotetor-solar-com-cor-um-produto-multifuncional%2F\" title=\"Whatsapp\" rel=\"nofollow noopener\" target=\"_blank\" style=\"font-size:32px!important;box-shadow:none;display:inline-block;vertical-align:middle\"><span class=\"heateor_sss_svg\" style=\"background-color:#55eb4c;width:31px;height:31px;border-radius:999px;display:inline-block;opacity:1;float:left;font-size:32px;box-shadow:none;display:inline-block;font-size:16px;padding:0 4px;vertical-align:middle;background-repeat:repeat;overflow:hidden;padding:0;cursor:pointer;box-sizing:content-box\"><svg style=\"display:block;border-radius:999px;\" focusable=\"false\" aria-hidden=\"true\" xmlns=\"http:\/\/www.w3.org\/2000\/svg\" width=\"100%\" height=\"100%\" viewBox=\"-6 -5 40 40\"><path class=\"heateor_sss_svg_stroke heateor_sss_no_fill\" stroke=\"#fff\" stroke-width=\"2\" fill=\"none\" d=\"M 11.579798566743314 24.396926207859085 A 10 10 0 1 0 6.808479557110079 20.73576436351046\"><\/path><path d=\"M 7 19 l -1 6 l 6 -1\" class=\"heateor_sss_no_fill heateor_sss_svg_stroke\" stroke=\"#fff\" stroke-width=\"2\" fill=\"none\"><\/path><path d=\"M 10 10 q -1 8 8 11 c 5 -1 0 -6 -1 -3 q -4 -3 -5 -5 c 4 -2 -1 -5 -1 -4\" fill=\"#fff\"><\/path><\/svg><\/span><\/a><a class=\"heateor_sss_button_twitter\" href=\"http:\/\/twitter.com\/intent\/tweet?text=Protector%20solar%20con%20color%3A%20un%20producto%20multifuncional&url=https%3A%2F%2Fpasteur.ind.br%2Fes%2F2023%2F08%2F08%2Fprotetor-solar-com-cor-um-produto-multifuncional%2F\" title=\"Twitter\" rel=\"nofollow noopener\" target=\"_blank\" style=\"font-size:32px!important;box-shadow:none;display:inline-block;vertical-align:middle\"><span class=\"heateor_sss_svg heateor_sss_s__default heateor_sss_s_twitter\" style=\"background-color:#55acee;width:31px;height:31px;border-radius:999px;display:inline-block;opacity:1;float:left;font-size:32px;box-shadow:none;display:inline-block;font-size:16px;padding:0 4px;vertical-align:middle;background-repeat:repeat;overflow:hidden;padding:0;cursor:pointer;box-sizing:content-box\"><svg style=\"display:block;border-radius:999px;\" focusable=\"false\" aria-hidden=\"true\" xmlns=\"http:\/\/www.w3.org\/2000\/svg\" width=\"100%\" height=\"100%\" viewBox=\"-4 -4 39 39\"><path d=\"M28 8.557a9.913 9.913 0 0 1-2.828.775 4.93 4.93 0 0 0 2.166-2.725 9.738 9.738 0 0 1-3.13 1.194 4.92 4.92 0 0 0-3.593-1.55 4.924 4.924 0 0 0-4.794 6.049c-4.09-.21-7.72-2.17-10.15-5.15a4.942 4.942 0 0 0-.665 2.477c0 1.71.87 3.214 2.19 4.1a4.968 4.968 0 0 1-2.23-.616v.06c0 2.39 1.7 4.38 3.952 4.83-.414.115-.85.174-1.297.174-.318 0-.626-.03-.928-.086a4.935 4.935 0 0 0 4.6 3.42 9.893 9.893 0 0 1-6.114 2.107c-.398 0-.79-.023-1.175-.068a13.953 13.953 0 0 0 7.55 2.213c9.056 0 14.01-7.507 14.01-14.013 0-.213-.005-.426-.015-.637.96-.695 1.795-1.56 2.455-2.55z\" fill=\"#fff\"><\/path><\/svg><\/span><\/a><\/div><div class=\"heateorSssClear\"><\/div><\/div><\/p>\n<\/div><\/div>\n<\/div><\/div>\n\n\n\n<h2>Protector solar con color: un producto multifuncional<\/h2>\n\n\n\n<p>La protecci\u00f3n solar es un h\u00e1bito indispensable en la rutina de los cuidados de la piel en cualquier \u00e9poca del a\u00f1o, ya que protege la piel de las agresiones externas y ayuda a evitar el c\u00e1ncer de piel, el envejecimiento precoz y las manchas.<\/p>\n\n\n\n<p>Entre los variados tipos de producto, la multifuncionalidad del protector solar con color hace de \u00e9l una opci\u00f3n muy ventajosa, ya que act\u00faa tambi\u00e9n como un maquillaje suave. Conozca sus principales beneficios:<\/p>\n\n\n\n<p><strong>Protecci\u00f3n contra los rayos UVA y UVB<\/strong><\/p>\n\n\n\n<p>El bloqueador solar con color protege a la piel de las radiaciones UVA y UVB emitidas por el sol durante todo el a\u00f1o. De esta manera, previene el envejecimiento precoz, reduce las manchas y las l\u00edneas de expresi\u00f3n, manteniendo la piel saludable.<\/p>\n\n\n\n<p><strong>Protecci\u00f3n contra la luz azul<\/strong><\/p>\n\n\n\n<p>Adem\u00e1s de la protecci\u00f3n contra los rayos UVA y UVB, los bloqueadores solares con color tambi\u00e9n act\u00faan en la protecci\u00f3n contra la luz azul, emitida por las pantallas de TV, los celulares, las computadoras y principalmente por el sol.<\/p>\n\n\n\n<p><strong>Uniformizaci\u00f3n del tono de la piel<\/strong><\/p>\n\n\n\n<p>La presencia del pigmento en la formulaci\u00f3n de los bloqueadores solares con color permite que puedan ser utilizados como base en maquillajes leves, uniformizando el tono de la piel y ocultando las manchas y otras imperfecciones.<\/p>\n\n\n\n<p>Es importante resaltar que existen tambi\u00e9n las bases con protecci\u00f3n solar, pero esos productos dan mayor importancia a la est\u00e9tica, mientras que los bloqueadores solares con color priorizan la salud cut\u00e1nea.<\/p>\n\n\n\n<p>Entre en contacto con Pasteur Cosmiatria para saber m\u00e1s sobre nuestros protectores solares con color y otros productos de nuestra cartera.<\/p>\n\n\n\n<p><a href=\"https:\/\/pasteur.ind.br\/es\/contato\/\">Tr\u00e1iganos su proyecto, acceda nuestro formulario.<\/a><\/p>\n\n\n\n<p>Suscr\u00edbase a nuestra newsletter. Puede cancelar la suscripci\u00f3n en cualquier momento por medio del link que se encuentra en cada comunicaci\u00f3n que enviamos.<\/p>\n","protected":false},"excerpt":{"rendered":"<p>Compartilhe: Protector solar con color: un producto multifuncional La protecci\u00f3n solar es un h\u00e1bito indispensable en la rutina de los cuidados de la piel en cualquier \u00e9poca del a\u00f1o, ya que protege la piel de las agresiones externas y ayuda a evitar el c\u00e1ncer de piel, el envejecimiento precoz y las manchas. Entre los variados [&hellip;]<\/p>\n","protected":false},"author":1,"featured_media":2563,"comment_status":"closed","ping_status":"closed","sticky":false,"template":"","format":"standard","meta":[],"categories":[1],"tags":[],"yoast_head":"<!-- This site is optimized with the Yoast SEO plugin v19.10 - https:\/\/yoast.com\/wordpress\/plugins\/seo\/ -->\n<title>Protector solar con color: un producto multifuncional - Pasteur\u00a0<\/title>\n<meta name=\"robots\" content=\"index, follow, max-snippet:-1, max-image-preview:large, max-video-preview:-1\" \/>\n<link rel=\"canonical\" href=\"https:\/\/pasteur.ind.br\/es\/2023\/08\/08\/protetor-solar-com-cor-um-produto-multifuncional\/\" \/>\n<meta property=\"og:locale\" content=\"es_ES\" \/>\n<meta property=\"og:type\" content=\"article\" \/>\n<meta property=\"og:title\" content=\"Protector solar con color: un producto multifuncional\" \/>\n<meta property=\"og:description\" content=\"Compartilhe: Protector solar con color: un producto multifuncional La protecci\u00f3n solar es un h\u00e1bito indispensable en la rutina de los cuidados de la piel en cualquier \u00e9poca del a\u00f1o, ya que protege la piel de las agresiones externas y ayuda a evitar el c\u00e1ncer de piel, el envejecimiento precoz y las manchas. Entre los variados [&hellip;]\" \/>\n<meta property=\"og:url\" content=\"https:\/\/pasteur.ind.br\/es\/2023\/08\/08\/protetor-solar-com-cor-um-produto-multifuncional\/\" \/>\n<meta property=\"og:site_name\" content=\"Pasteur\u00a0\" \/>\n<meta property=\"article:published_time\" content=\"2023-08-08T21:33:56+00:00\" \/>\n<meta property=\"article:modified_time\" content=\"2024-07-08T16:44:43+00:00\" \/>\n<meta property=\"og:image\" content=\"http:\/\/pasteur.ind.br\/wp-content\/uploads\/2023\/08\/header_blog_desktop3-2.png\" \/>\n\t<meta property=\"og:image:width\" content=\"1440\" \/>\n\t<meta property=\"og:image:height\" content=\"501\" \/>\n\t<meta property=\"og:image:type\" content=\"image\/png\" \/>\n<meta name=\"author\" content=\"root\" \/>\n<meta name=\"twitter:card\" content=\"summary_large_image\" \/>\n<meta name=\"twitter:label1\" content=\"Written by\" \/>\n\t<meta name=\"twitter:data1\" content=\"root\" \/>\n\t<meta name=\"twitter:label2\" content=\"Est. reading time\" \/>\n\t<meta name=\"twitter:data2\" content=\"2 minutos\" \/>\n<script type=\"application\/ld+json\" class=\"yoast-schema-graph\">{\"@context\":\"https:\/\/schema.org\",\"@graph\":[{\"@type\":\"WebPage\",\"@id\":\"https:\/\/pasteur.ind.br\/es\/2023\/08\/08\/protetor-solar-com-cor-um-produto-multifuncional\/\",\"url\":\"https:\/\/pasteur.ind.br\/es\/2023\/08\/08\/protetor-solar-com-cor-um-produto-multifuncional\/\",\"name\":\"[:pt]Protetor solar com cor: um produto multifuncional[:es]Protector solar con color: un producto multifuncional[:] - Pasteur\u00a0\",\"isPartOf\":{\"@id\":\"https:\/\/pasteur.ind.br\/#website\"},\"datePublished\":\"2023-08-08T21:33:56+00:00\",\"dateModified\":\"2024-07-08T16:44:43+00:00\",\"author\":{\"@id\":\"https:\/\/pasteur.ind.br\/#\/schema\/person\/1d1c1cde44e7334b83af91d28a7aea08\"},\"inLanguage\":\"es-ES\",\"potentialAction\":[{\"@type\":\"ReadAction\",\"target\":[\"https:\/\/pasteur.ind.br\/es\/2023\/08\/08\/protetor-solar-com-cor-um-produto-multifuncional\/\"]}]},{\"@type\":\"WebSite\",\"@id\":\"https:\/\/pasteur.ind.br\/#website\",\"url\":\"https:\/\/pasteur.ind.br\/\",\"name\":\"Pasteur\u00a0\",\"description\":\"S\u00f3 mais um site WordPress\",\"potentialAction\":[{\"@type\":\"SearchAction\",\"target\":{\"@type\":\"EntryPoint\",\"urlTemplate\":\"https:\/\/pasteur.ind.br\/?s={search_term_string}\"},\"query-input\":\"required name=search_term_string\"}],\"inLanguage\":\"es-ES\"},{\"@type\":\"Person\",\"@id\":\"https:\/\/pasteur.ind.br\/#\/schema\/person\/1d1c1cde44e7334b83af91d28a7aea08\",\"name\":\"root\",\"image\":{\"@type\":\"ImageObject\",\"inLanguage\":\"es-ES\",\"@id\":\"https:\/\/pasteur.ind.br\/#\/schema\/person\/image\/\",\"url\":\"https:\/\/secure.gravatar.com\/avatar\/17ef2e82f739a861c991283e3bb46d8d?s=96&d=mm&r=g\",\"contentUrl\":\"https:\/\/secure.gravatar.com\/avatar\/17ef2e82f739a861c991283e3bb46d8d?s=96&d=mm&r=g\",\"caption\":\"root\"},\"sameAs\":[\"http:\/\/pasteur.ind.br\"],\"url\":\"https:\/\/pasteur.ind.br\/es\/author\/root\/\"}]}<\/script>\n<!-- \/ Yoast SEO plugin. -->","yoast_head_json":{"title":"Protector solar con color: un producto multifuncional - Pasteur\u00a0","robots":{"index":"index","follow":"follow","max-snippet":"max-snippet:-1","max-image-preview":"max-image-preview:large","max-video-preview":"max-video-preview:-1"},"canonical":"https:\/\/pasteur.ind.br\/es\/2023\/08\/08\/protetor-solar-com-cor-um-produto-multifuncional\/","og_locale":"es_ES","og_type":"article","og_title":"[:pt]Protetor solar com cor: um produto multifuncional[:es]Protector solar con color: un producto multifuncional[:] - Pasteur\u00a0","og_description":"Compartilhe: Protector solar con color: un producto multifuncional La protecci\u00f3n solar es un h\u00e1bito indispensable en la rutina de los cuidados de la piel en cualquier \u00e9poca del a\u00f1o, ya que protege la piel de las agresiones externas y ayuda a evitar el c\u00e1ncer de piel, el envejecimiento precoz y las manchas. Entre los variados [&hellip;]","og_url":"https:\/\/pasteur.ind.br\/es\/2023\/08\/08\/protetor-solar-com-cor-um-produto-multifuncional\/","og_site_name":"Pasteur\u00a0","article_published_time":"2023-08-08T21:33:56+00:00","article_modified_time":"2024-07-08T16:44:43+00:00","og_image":[{"width":1440,"height":501,"url":"http:\/\/pasteur.ind.br\/wp-content\/uploads\/2023\/08\/header_blog_desktop3-2.png","type":"image\/png"}],"author":"root","twitter_card":"summary_large_image","twitter_misc":{"Written by":"root","Est. reading time":"2 minutos"},"schema":{"@context":"https:\/\/schema.org","@graph":[{"@type":"WebPage","@id":"https:\/\/pasteur.ind.br\/es\/2023\/08\/08\/protetor-solar-com-cor-um-produto-multifuncional\/","url":"https:\/\/pasteur.ind.br\/es\/2023\/08\/08\/protetor-solar-com-cor-um-produto-multifuncional\/","name":"[:pt]Protetor solar com cor: um produto multifuncional[:es]Protector solar con color: un producto multifuncional[:] - Pasteur\u00a0","isPartOf":{"@id":"https:\/\/pasteur.ind.br\/#website"},"datePublished":"2023-08-08T21:33:56+00:00","dateModified":"2024-07-08T16:44:43+00:00","author":{"@id":"https:\/\/pasteur.ind.br\/#\/schema\/person\/1d1c1cde44e7334b83af91d28a7aea08"},"inLanguage":"es-ES","potentialAction":[{"@type":"ReadAction","target":["https:\/\/pasteur.ind.br\/es\/2023\/08\/08\/protetor-solar-com-cor-um-produto-multifuncional\/"]}]},{"@type":"WebSite","@id":"https:\/\/pasteur.ind.br\/#website","url":"https:\/\/pasteur.ind.br\/","name":"Pasteur\u00a0","description":"S\u00f3 mais um site WordPress","potentialAction":[{"@type":"SearchAction","target":{"@type":"EntryPoint","urlTemplate":"https:\/\/pasteur.ind.br\/?s={search_term_string}"},"query-input":"required name=search_term_string"}],"inLanguage":"es-ES"},{"@type":"Person","@id":"https:\/\/pasteur.ind.br\/#\/schema\/person\/1d1c1cde44e7334b83af91d28a7aea08","name":"root","image":{"@type":"ImageObject","inLanguage":"es-ES","@id":"https:\/\/pasteur.ind.br\/#\/schema\/person\/image\/","url":"https:\/\/secure.gravatar.com\/avatar\/17ef2e82f739a861c991283e3bb46d8d?s=96&d=mm&r=g","contentUrl":"https:\/\/secure.gravatar.com\/avatar\/17ef2e82f739a861c991283e3bb46d8d?s=96&d=mm&r=g","caption":"root"},"sameAs":["http:\/\/pasteur.ind.br"],"url":"https:\/\/pasteur.ind.br\/es\/author\/root\/"}]}},"_links":{"self":[{"href":"https:\/\/pasteur.ind.br\/es\/wp-json\/wp\/v2\/posts\/2564"}],"collection":[{"href":"https:\/\/pasteur.ind.br\/es\/wp-json\/wp\/v2\/posts"}],"about":[{"href":"https:\/\/pasteur.ind.br\/es\/wp-json\/wp\/v2\/types\/post"}],"author":[{"embeddable":true,"href":"https:\/\/pasteur.ind.br\/es\/wp-json\/wp\/v2\/users\/1"}],"replies":[{"embeddable":true,"href":"https:\/\/pasteur.ind.br\/es\/wp-json\/wp\/v2\/comments?post=2564"}],"version-history":[{"count":2,"href":"https:\/\/pasteur.ind.br\/es\/wp-json\/wp\/v2\/posts\/2564\/revisions"}],"predecessor-version":[{"id":2819,"href":"https:\/\/pasteur.ind.br\/es\/wp-json\/wp\/v2\/posts\/2564\/revisions\/2819"}],"wp:featuredmedia":[{"embeddable":true,"href":"https:\/\/pasteur.ind.br\/es\/wp-json\/wp\/v2\/media\/2563"}],"wp:attachment":[{"href":"https:\/\/pasteur.ind.br\/es\/wp-json\/wp\/v2\/media?parent=2564"}],"wp:term":[{"taxonomy":"category","embeddable":true,"href":"https:\/\/pasteur.ind.br\/es\/wp-json\/wp\/v2\/categories?post=2564"},{"taxonomy":"post_tag","embeddable":true,"href":"https:\/\/pasteur.ind.br\/es\/wp-json\/wp\/v2\/tags?post=2564"}],"curies":[{"name":"wp","href":"https:\/\/api.w.org\/{rel}","templated":true}]}}